{"id":7173,"date":"2019-01-14T15:26:00","date_gmt":"2019-01-14T14:26:00","guid":{"rendered":"http:\/\/dpz.medienlabor-hosting.de\/?p=7173"},"modified":"2022-06-17T11:33:29","modified_gmt":"2022-06-17T09:33:29","slug":"on-the-death-of-pawel-adamowicz","status":"publish","type":"post","link":"https:\/\/www.progressives-zentrum.org\/en\/on-the-death-of-pawel-adamowicz\/","title":{"rendered":"On the Death of Pawe\u0142 Adamowicz"},"content":{"rendered":"\n<p><em><strong>We commemorate the brave European and Democrat Pawe\u0142 Adamowicz, murdered in January 2019.<\/strong><\/em><\/p>\n\n\n\n<p>Our team paused today.<\/p>\n\n\n\n<p>In November 2018, we met\u00a0Pawe\u0142 Adamowicz\u00a0in the course of\u00a0<a href=\"https:\/\/www.innovationinpolitics.eu\/\" target=\"_blank\" rel=\"noreferrer noopener\">The Innovation in Politics Awards<\/a>. He was one of the eight winners honoured for their extraordinary commitment to the future of democracy. He had been selected by a jury of over a thousand people for the category \u201cHuman Rights\u201d.<\/p>\n\n\n\n<p>The murder of Pawe\u0142 Adamowicz, a brave European and Democrat, upsets us.<\/p>\n\n\n\n<p>We quote him from his speech in Gda\u0144sk (September 1, 2018) to commemorate his results-oriented, progressive and peaceful way:<\/p>\n\n\n\n<p>\u201cTherefore, we appeal: a safe future can only be built on a difficult way of responsibility for the course of affairs, here and now. The mean of responsible patriotism is to look for what is common, what unites and does not divide \u2013 reconciliation, not revenge! That is why, in public life, we call for priority of law, not strength; trust, not hostility; truth, not lies.\u201d (own translation)<\/p>\n\n\n\n<hr class=\"wp-block-separator has-css-opacity is-style-default\" \/>\n\n\n\n<p>Nasz zesp\u00f3\u0142 dzi\u015b zamar\u0142.<\/p>\n\n\n\n<p>W listopadzie 2018 r. poznali\u015bmy Paw\u0142a Adamowicza w ramach konkursu Innovation in Politics Awards. By\u0142 jednym z o\u015bmiu zwyci\u0119zc\u00f3w, uhonorowanych za ich niezwyk\u0142e zaanga\u017cowanie na rzecz demokracji. Zosta\u0142 wybrany przez jury z\u0142o\u017cone z ponad tysi\u0105ca os\u00f3b w kategorii \u201ePrawa cz\u0142owieka\u201d.<\/p>\n\n\n\n<p>Zab\u00f3jstwo Paw\u0142a Adamowicza, odwa\u017cnego Europejczyka i Demokraty, bardzo nas porusza.<\/p>\n\n\n\n<p>Aby upami\u0119tni\u0107 jego zorientowany na szukanie rozwi\u0105za\u0144, post\u0119powy i pokojowy charakter, przytaczamy kilka cennych s\u0142\u00f3w z wyg\u0142oszonego przez niego w Gda\u0144sku, w dniu 1 wrze\u015bnia 2018 r., przem\u00f3wienia:<\/p>\n\n\n\n<p>\u201eDlatego apelujemy: bezpieczn\u0105 przysz\u0142o\u015b\u0107 mo\u017cna budowa\u0107 tylko na trudnej drodze odpowiedzialno\u015bci za bieg spraw, tu i teraz. Miar\u0105 odpowiedzialnego patriotyzmu jest szukanie tego, co wsp\u00f3lne, co \u0142\u0105czy, a nie dzieli, pojednania, a nie odwetu. Dlatego apelujemy o pierwsze\u0144stwo w \u017cyciu publicznym prawa, a nie si\u0142y; zaufania, a nie wrogo\u015bci; prawdy, a nie k\u0142amstwa\u201d.<\/p>\n","protected":false},"excerpt":{"rendered":"<p>We commemorate the brave European and Democrat Pawe\u0142 Adamowicz, murdered in January 2019. Our team paused today. In November 2018, we met\u00a0Pawe\u0142 Adamowicz\u00a0in the course of\u00a0The Innovation in Politics Awards. He was one of the eight winners honoured for their extraordinary commitment to the future of democracy. He had been selected by a jury of &hellip; <\/p>\n<p class=\"link-more\"><a href=\"https:\/\/www.progressives-zentrum.org\/en\/on-the-death-of-pawel-adamowicz\/\" class=\"more-link\">Continue reading<span class=\"screen-reader-text\"> &#8220;On the Death of Pawe\u0142 Adamowicz&#8221;<\/span><\/a><\/p>\n","protected":false},"author":13,"featured_media":7175,"comment_status":"closed","ping_status":"closed","sticky":false,"template":"","format":"standard","meta":{"_acf_changed":false,"footnotes":""},"categories":[217],"tags":[],"class_list":["post-7173","post","type-post","status-publish","format-standard","has-post-thumbnail","hentry","category-in-eigener-sache"],"acf":[],"yoast_head":"<!-- This site is optimized with the Yoast SEO Premium plugin v24.3 (Yoast SEO v24.3) - https:\/\/yoast.com\/wordpress\/plugins\/seo\/ -->\n<title>On the Death of Pawe\u0142 Adamowicz - Das Progressive Zentrum - EN<\/title>\n<meta name=\"robots\" content=\"index, follow, max-snippet:-1, max-image-preview:large, max-video-preview:-1\" \/>\n<link rel=\"canonical\" href=\"https:\/\/www.progressives-zentrum.org\/en\/on-the-death-of-pawel-adamowicz\/\" \/>\n<meta property=\"og:locale\" content=\"en_US\" \/>\n<meta property=\"og:type\" content=\"article\" \/>\n<meta property=\"og:title\" content=\"On the Death of Pawe\u0142 Adamowicz\" \/>\n<meta property=\"og:description\" content=\"We commemorate the brave European and Democrat Pawe\u0142 Adamowicz, murdered in January 2019. Our team paused today. In November 2018, we met\u00a0Pawe\u0142 Adamowicz\u00a0in the course of\u00a0The Innovation in Politics Awards. He was one of the eight winners honoured for their extraordinary commitment to the future of democracy. He had been selected by a jury of &hellip; Continue reading &quot;On the Death of Pawe\u0142 Adamowicz&quot;\" \/>\n<meta property=\"og:url\" content=\"https:\/\/www.progressives-zentrum.org\/en\/on-the-death-of-pawel-adamowicz\/\" \/>\n<meta property=\"og:site_name\" content=\"Das Progressive Zentrum - EN\" \/>\n<meta property=\"article:published_time\" content=\"2019-01-14T14:26:00+00:00\" \/>\n<meta property=\"article:modified_time\" content=\"2022-06-17T09:33:29+00:00\" \/>\n<meta property=\"og:image\" content=\"https:\/\/www.progressives-zentrum.org\/en\/wp-content\/uploads\/sites\/2\/2022\/05\/2019-01-14_Pawel-Adamowicz-tot.jpg\" \/>\n\t<meta property=\"og:image:width\" content=\"900\" \/>\n\t<meta property=\"og:image:height\" content=\"600\" \/>\n\t<meta property=\"og:image:type\" content=\"image\/jpeg\" \/>\n<meta name=\"author\" content=\"mfedzin\" \/>\n<meta name=\"twitter:card\" content=\"summary_large_image\" \/>\n<meta name=\"twitter:label1\" content=\"Written by\" \/>\n\t<meta name=\"twitter:data1\" content=\"mfedzin\" \/>\n\t<meta name=\"twitter:label2\" content=\"Est. reading time\" \/>\n\t<meta name=\"twitter:data2\" content=\"2 minutes\" \/>\n<script type=\"application\/ld+json\" class=\"yoast-schema-graph\">{\"@context\":\"https:\/\/schema.org\",\"@graph\":[{\"@type\":\"WebPage\",\"@id\":\"https:\/\/www.progressives-zentrum.org\/en\/on-the-death-of-pawel-adamowicz\/\",\"url\":\"https:\/\/www.progressives-zentrum.org\/en\/on-the-death-of-pawel-adamowicz\/\",\"name\":\"On the Death of Pawe\u0142 Adamowicz - Das Progressive Zentrum - EN\",\"isPartOf\":{\"@id\":\"https:\/\/www.progressives-zentrum.org\/en\/#website\"},\"primaryImageOfPage\":{\"@id\":\"https:\/\/www.progressives-zentrum.org\/en\/on-the-death-of-pawel-adamowicz\/#primaryimage\"},\"image\":{\"@id\":\"https:\/\/www.progressives-zentrum.org\/en\/on-the-death-of-pawel-adamowicz\/#primaryimage\"},\"thumbnailUrl\":\"https:\/\/www.progressives-zentrum.org\/en\/wp-content\/uploads\/sites\/2\/2022\/05\/2019-01-14_Pawel-Adamowicz-tot.jpg\",\"datePublished\":\"2019-01-14T14:26:00+00:00\",\"dateModified\":\"2022-06-17T09:33:29+00:00\",\"author\":{\"@id\":\"https:\/\/www.progressives-zentrum.org\/en\/#\/schema\/person\/5d8f9eda07ed7153a14e463edc7a1be8\"},\"breadcrumb\":{\"@id\":\"https:\/\/www.progressives-zentrum.org\/en\/on-the-death-of-pawel-adamowicz\/#breadcrumb\"},\"inLanguage\":\"en-US\",\"potentialAction\":[{\"@type\":\"ReadAction\",\"target\":[\"https:\/\/www.progressives-zentrum.org\/en\/on-the-death-of-pawel-adamowicz\/\"]}]},{\"@type\":\"ImageObject\",\"inLanguage\":\"en-US\",\"@id\":\"https:\/\/www.progressives-zentrum.org\/en\/on-the-death-of-pawel-adamowicz\/#primaryimage\",\"url\":\"https:\/\/www.progressives-zentrum.org\/en\/wp-content\/uploads\/sites\/2\/2022\/05\/2019-01-14_Pawel-Adamowicz-tot.jpg\",\"contentUrl\":\"https:\/\/www.progressives-zentrum.org\/en\/wp-content\/uploads\/sites\/2\/2022\/05\/2019-01-14_Pawel-Adamowicz-tot.jpg\",\"width\":900,\"height\":600},{\"@type\":\"BreadcrumbList\",\"@id\":\"https:\/\/www.progressives-zentrum.org\/en\/on-the-death-of-pawel-adamowicz\/#breadcrumb\",\"itemListElement\":[{\"@type\":\"ListItem\",\"position\":1,\"name\":\"Startseite\",\"item\":\"https:\/\/www.progressives-zentrum.org\/en\/\"},{\"@type\":\"ListItem\",\"position\":2,\"name\":\"On the Death of Pawe\u0142 Adamowicz\"}]},{\"@type\":\"WebSite\",\"@id\":\"https:\/\/www.progressives-zentrum.org\/en\/#website\",\"url\":\"https:\/\/www.progressives-zentrum.org\/en\/\",\"name\":\"Das Progressive Zentrum - EN\",\"description\":\"Renewing the Promise of Progress.\",\"potentialAction\":[{\"@type\":\"SearchAction\",\"target\":{\"@type\":\"EntryPoint\",\"urlTemplate\":\"https:\/\/www.progressives-zentrum.org\/en\/?s={search_term_string}\"},\"query-input\":{\"@type\":\"PropertyValueSpecification\",\"valueRequired\":true,\"valueName\":\"search_term_string\"}}],\"inLanguage\":\"en-US\"},{\"@type\":\"Person\",\"@id\":\"https:\/\/www.progressives-zentrum.org\/en\/#\/schema\/person\/5d8f9eda07ed7153a14e463edc7a1be8\",\"name\":\"mfedzin\",\"image\":{\"@type\":\"ImageObject\",\"inLanguage\":\"en-US\",\"@id\":\"https:\/\/www.progressives-zentrum.org\/en\/#\/schema\/person\/image\/\",\"url\":\"https:\/\/secure.gravatar.com\/avatar\/5cb26216bd25fbd4830cc31eaba49ae9?s=96&d=mm&r=g\",\"contentUrl\":\"https:\/\/secure.gravatar.com\/avatar\/5cb26216bd25fbd4830cc31eaba49ae9?s=96&d=mm&r=g\",\"caption\":\"mfedzin\"},\"url\":\"https:\/\/www.progressives-zentrum.org\/en\/author\/mfedzin\/\"}]}<\/script>\n<!-- \/ Yoast SEO Premium plugin. -->","yoast_head_json":{"title":"On the Death of Pawe\u0142 Adamowicz - Das Progressive Zentrum - EN","robots":{"index":"index","follow":"follow","max-snippet":"max-snippet:-1","max-image-preview":"max-image-preview:large","max-video-preview":"max-video-preview:-1"},"canonical":"https:\/\/www.progressives-zentrum.org\/en\/on-the-death-of-pawel-adamowicz\/","og_locale":"en_US","og_type":"article","og_title":"On the Death of Pawe\u0142 Adamowicz","og_description":"We commemorate the brave European and Democrat Pawe\u0142 Adamowicz, murdered in January 2019. Our team paused today. In November 2018, we met\u00a0Pawe\u0142 Adamowicz\u00a0in the course of\u00a0The Innovation in Politics Awards. He was one of the eight winners honoured for their extraordinary commitment to the future of democracy. He had been selected by a jury of &hellip; Continue reading \"On the Death of Pawe\u0142 Adamowicz\"","og_url":"https:\/\/www.progressives-zentrum.org\/en\/on-the-death-of-pawel-adamowicz\/","og_site_name":"Das Progressive Zentrum - EN","article_published_time":"2019-01-14T14:26:00+00:00","article_modified_time":"2022-06-17T09:33:29+00:00","og_image":[{"width":900,"height":600,"url":"https:\/\/www.progressives-zentrum.org\/en\/wp-content\/uploads\/sites\/2\/2022\/05\/2019-01-14_Pawel-Adamowicz-tot.jpg","type":"image\/jpeg"}],"author":"mfedzin","twitter_card":"summary_large_image","twitter_misc":{"Written by":"mfedzin","Est. reading time":"2 minutes"},"schema":{"@context":"https:\/\/schema.org","@graph":[{"@type":"WebPage","@id":"https:\/\/www.progressives-zentrum.org\/en\/on-the-death-of-pawel-adamowicz\/","url":"https:\/\/www.progressives-zentrum.org\/en\/on-the-death-of-pawel-adamowicz\/","name":"On the Death of Pawe\u0142 Adamowicz - Das Progressive Zentrum - EN","isPartOf":{"@id":"https:\/\/www.progressives-zentrum.org\/en\/#website"},"primaryImageOfPage":{"@id":"https:\/\/www.progressives-zentrum.org\/en\/on-the-death-of-pawel-adamowicz\/#primaryimage"},"image":{"@id":"https:\/\/www.progressives-zentrum.org\/en\/on-the-death-of-pawel-adamowicz\/#primaryimage"},"thumbnailUrl":"https:\/\/www.progressives-zentrum.org\/en\/wp-content\/uploads\/sites\/2\/2022\/05\/2019-01-14_Pawel-Adamowicz-tot.jpg","datePublished":"2019-01-14T14:26:00+00:00","dateModified":"2022-06-17T09:33:29+00:00","author":{"@id":"https:\/\/www.progressives-zentrum.org\/en\/#\/schema\/person\/5d8f9eda07ed7153a14e463edc7a1be8"},"breadcrumb":{"@id":"https:\/\/www.progressives-zentrum.org\/en\/on-the-death-of-pawel-adamowicz\/#breadcrumb"},"inLanguage":"en-US","potentialAction":[{"@type":"ReadAction","target":["https:\/\/www.progressives-zentrum.org\/en\/on-the-death-of-pawel-adamowicz\/"]}]},{"@type":"ImageObject","inLanguage":"en-US","@id":"https:\/\/www.progressives-zentrum.org\/en\/on-the-death-of-pawel-adamowicz\/#primaryimage","url":"https:\/\/www.progressives-zentrum.org\/en\/wp-content\/uploads\/sites\/2\/2022\/05\/2019-01-14_Pawel-Adamowicz-tot.jpg","contentUrl":"https:\/\/www.progressives-zentrum.org\/en\/wp-content\/uploads\/sites\/2\/2022\/05\/2019-01-14_Pawel-Adamowicz-tot.jpg","width":900,"height":600},{"@type":"BreadcrumbList","@id":"https:\/\/www.progressives-zentrum.org\/en\/on-the-death-of-pawel-adamowicz\/#breadcrumb","itemListElement":[{"@type":"ListItem","position":1,"name":"Startseite","item":"https:\/\/www.progressives-zentrum.org\/en\/"},{"@type":"ListItem","position":2,"name":"On the Death of Pawe\u0142 Adamowicz"}]},{"@type":"WebSite","@id":"https:\/\/www.progressives-zentrum.org\/en\/#website","url":"https:\/\/www.progressives-zentrum.org\/en\/","name":"Das Progressive Zentrum - EN","description":"Renewing the Promise of Progress.","potentialAction":[{"@type":"SearchAction","target":{"@type":"EntryPoint","urlTemplate":"https:\/\/www.progressives-zentrum.org\/en\/?s={search_term_string}"},"query-input":{"@type":"PropertyValueSpecification","valueRequired":true,"valueName":"search_term_string"}}],"inLanguage":"en-US"},{"@type":"Person","@id":"https:\/\/www.progressives-zentrum.org\/en\/#\/schema\/person\/5d8f9eda07ed7153a14e463edc7a1be8","name":"mfedzin","image":{"@type":"ImageObject","inLanguage":"en-US","@id":"https:\/\/www.progressives-zentrum.org\/en\/#\/schema\/person\/image\/","url":"https:\/\/secure.gravatar.com\/avatar\/5cb26216bd25fbd4830cc31eaba49ae9?s=96&d=mm&r=g","contentUrl":"https:\/\/secure.gravatar.com\/avatar\/5cb26216bd25fbd4830cc31eaba49ae9?s=96&d=mm&r=g","caption":"mfedzin"},"url":"https:\/\/www.progressives-zentrum.org\/en\/author\/mfedzin\/"}]}},"_links":{"self":[{"href":"https:\/\/www.progressives-zentrum.org\/en\/wp-json\/wp\/v2\/posts\/7173","targetHints":{"allow":["GET"]}}],"collection":[{"href":"https:\/\/www.progressives-zentrum.org\/en\/wp-json\/wp\/v2\/posts"}],"about":[{"href":"https:\/\/www.progressives-zentrum.org\/en\/wp-json\/wp\/v2\/types\/post"}],"author":[{"embeddable":true,"href":"https:\/\/www.progressives-zentrum.org\/en\/wp-json\/wp\/v2\/users\/13"}],"replies":[{"embeddable":true,"href":"https:\/\/www.progressives-zentrum.org\/en\/wp-json\/wp\/v2\/comments?post=7173"}],"version-history":[{"count":3,"href":"https:\/\/www.progressives-zentrum.org\/en\/wp-json\/wp\/v2\/posts\/7173\/revisions"}],"predecessor-version":[{"id":11946,"href":"https:\/\/www.progressives-zentrum.org\/en\/wp-json\/wp\/v2\/posts\/7173\/revisions\/11946"}],"wp:featuredmedia":[{"embeddable":true,"href":"https:\/\/www.progressives-zentrum.org\/en\/wp-json\/wp\/v2\/media\/7175"}],"wp:attachment":[{"href":"https:\/\/www.progressives-zentrum.org\/en\/wp-json\/wp\/v2\/media?parent=7173"}],"wp:term":[{"taxonomy":"category","embeddable":true,"href":"https:\/\/www.progressives-zentrum.org\/en\/wp-json\/wp\/v2\/categories?post=7173"},{"taxonomy":"post_tag","embeddable":true,"href":"https:\/\/www.progressives-zentrum.org\/en\/wp-json\/wp\/v2\/tags?post=7173"}],"curies":[{"name":"wp","href":"https:\/\/api.w.org\/{rel}","templated":true}]}}