{"id":7158,"date":"2019-01-15T15:22:00","date_gmt":"2019-01-15T14:22:00","guid":{"rendered":"http:\/\/dpz.medienlabor-hosting.de\/?p=7158"},"modified":"2022-06-17T11:28:52","modified_gmt":"2022-06-17T09:28:52","slug":"the-politics-of-eternity-vs-the-future-of-european-democracy","status":"publish","type":"post","link":"https:\/\/www.progressives-zentrum.org\/en\/the-politics-of-eternity-vs-the-future-of-european-democracy\/","title":{"rendered":"The Politics of Eternity vs. The Future of European Democracy"},"content":{"rendered":"\n<p><em><strong>The Berlin political scene met with Timothy Snyder, one of the leading American historians and public intellectuals. It was an occasion to talk about his latest book, \u201cRoad to Unfreedom\u201d and its possible implications for political practice. The event was co-organised by The German Marshall Fund of the United States and Das Progressive Zentrum.<\/strong><\/em><\/p>\n\n\n\n<p>Timothy Snyder is &nbsp;Richard C. Levin Professor of History at Yale University and a Permanent Fellow at the Institute for Human Sciences in Vienna. He held fellowships in Paris, at Harvard University as well as taught at the College of Europe in Warsaw, Universit\u00e9 Libre de Bruxelles, London School of Economics, Stanford University. His work on the history of Central and Eastern Europe and the Holocaust has gained him international attention and recognition.<\/p>\n\n\n\n<p>However, in his recent works, Timothy Snyder focuses more on the current state of affairs than history: the rise of populism and emerging illiberal tendencies in contemporary democracies. In particular, since the establishment of Donald Trump\u2019s administration, a growing concern about the future of his country of origin, the United States, has become more pronounced. Apart from that, he also addresses developments in other parts of the world, like the emergence of Putin\u2019s Russia or the unprecedented Brexit decision.<\/p>\n\n\n\n<p>It is in that spirit that he published \u201c<strong><a href=\"http:\/\/timothysnyder.org\/books\/on-tyranny-tr\" target=\"_blank\" rel=\"noreferrer noopener\">On Tyranny: Twenty Lessons from the Twentieth Century<\/a><\/strong>\u201d in 2017, a book presenting in a compact however illustrative way how European democracies succumbed to authoritarian regimes. The publication was an attempt to sensitise citizens against obedience without reflection towards rising regimes, like fascism, Nazism, or communism. In\u00a0<strong><a href=\"http:\/\/timothysnyder.org\/books\/the-road-to-unfreedom-hc\" target=\"_blank\" rel=\"noreferrer noopener\">\u201cThe Road to Unfreedom: Russia, Europe, America\u201c<\/a>\u00a0<\/strong>that followed in 2018, Snyder continued his analysis of the rise of authoritarianism in the modern world, exposing recent threats to democracy and law, like cyberwars, inequalities, and nationalism.<\/p>\n\n\n\n<p>During the dinner with young politically engaged Berliners, the crisis of the European Union was most eagerly discussed, in the run-up to the coming EU elections in May 2019. The concept of Politics of Eternity was often recalled, placing one nation at the center of a cyclical story as well as the inability of the European Union to prosper if founded on memory and the past only, not the future. Last but not least, the yet not entirely foreseeable role of China in Europe was discussed, in the context of the&nbsp;One Belt One Road&nbsp;Initiative.<\/p>\n\n\n\n<p>The event was co-organised by\u00a0<a href=\"https:\/\/www.progressives-zentrum.org\/\" target=\"_blank\" rel=\"noreferrer noopener\"><strong>Das Progressive Zentrum<\/strong><\/a>\u00a0and\u00a0<strong><a href=\"https:\/\/web.archive.org\/web\/20220608215941\/http:\/\/www.gmfus.org\/\" target=\"_blank\" rel=\"noreferrer noopener\">The German<\/a><a href=\"http:\/\/www.gmfus.org\/\"> <\/a><a href=\"https:\/\/web.archive.org\/web\/20220608215941\/http:\/\/www.gmfus.org\/\">Marshall Fund of the United States<\/a><\/strong>. It hosted young journalists, activists, researchers and politicians representing a broad spectrum of German party landscape.<\/p>\n\n\n\n<div class=\"wp-block-columns is-layout-flex wp-container-core-columns-is-layout-1 wp-block-columns-is-layout-flex\">\n<div class=\"wp-block-column is-layout-flow wp-block-column-is-layout-flow\" style=\"flex-basis:100%\">\n<h2 class=\"wp-block-heading\">Authors<\/h2>\n<\/div>\n<\/div>\n\n\n<div class=\"person-item person-view-author\"><div class=\"person-info-wrapper\"><div class=\"person-thumbnail\"><a href=\"https:\/\/www.progressives-zentrum.org\/en\/person\/dr-maria-skora\/\"><img loading=\"lazy\" decoding=\"async\" width=\"600\" height=\"600\" src=\"https:\/\/www.progressives-zentrum.org\/en\/wp-content\/uploads\/sites\/2\/2022\/04\/Maria-Skora_gross_Das-Progressive-Zentrum_Capital-Headshots-Berlin-1-1024x681-1-600x600.jpg\" class=\"attachment-thumbnail size-thumbnail wp-post-image\" alt=\"\" sizes=\"auto, 100vw\" \/><\/a><\/div><h4 class=\"person-title\"><a href=\"https:\/\/www.progressives-zentrum.org\/en\/person\/dr-maria-skora\/\">Dr. Maria Sk\u00f3ra<\/a><\/h4><div class=\"person-position\">Policy Fellow<\/div><div class=\"person-social\"><a class=\"person-twitter\" href=\"https:\/\/twitter.com\/mariaskora\" target=\"_blank\" rel=\"noopener nofollow\"><svg class=\"icon icon-twitter\" aria-hidden=\"true\" role=\"img\"> <use xlink:href=\"https:\/\/www.progressives-zentrum.org\/en\/wp-content\/themes\/dpz\/assets\/images\/svg-icons2.svg#icon-twitter\"><\/use> <\/svg><\/a> <\/div><!-- .person-social --><\/div><!-- .person-info-wrapper --><div class=\"person-excerpt\">Maria Sk\u00f3ra is a policy fellow at Das Progressive Zentrum. Previously, she was Research Associate at the Institut f\u00fcr Europ\u00e4ische Politik and head of the International Dialogue program at Das Progressive Zentrum.<\/div><\/div><!-- .person-item --><div class=\"person-item person-view-author\"><div class=\"person-info-wrapper\"><div class=\"person-thumbnail\"><a href=\"https:\/\/www.progressives-zentrum.org\/en\/person\/marie-louise-schlutius\/\"><img loading=\"lazy\" decoding=\"async\" width=\"600\" height=\"600\" src=\"https:\/\/www.progressives-zentrum.org\/en\/wp-content\/uploads\/sites\/2\/2022\/04\/Marie-Louise-Schlutius-600x600.png\" class=\"attachment-thumbnail size-thumbnail wp-post-image\" alt=\"\" sizes=\"auto, 100vw\" \/><\/a><\/div><h4 class=\"person-title\"><a href=\"https:\/\/www.progressives-zentrum.org\/en\/person\/marie-louise-schlutius\/\">Marie-Louise Schlutius<\/a><\/h4><div class=\"person-position\">Alumna<\/div><div class=\"person-social\"><\/div><!-- .person-social --><\/div><!-- .person-info-wrapper --><div class=\"person-excerpt\">Marie-Louise was a Communications Assistant at Das Progressive Zentrum. She completed her bachelor's degree in history and political science at the TU Dresden and is now studying for a master's degree in contemporary history in Potsdam. She has a special focus on gender history and the role of media<\/div><\/div><!-- .person-item -->\n\n\n\n<div class=\"wp-block-cover is-light alignfull\" style=\"min-height:50px;aspect-ratio:unset;\"><span aria-hidden=\"true\" class=\"wp-block-cover__background has-light-grey-background-color has-background-dim-100 has-background-dim\"><\/span><div class=\"wp-block-cover__inner-container is-layout-flow wp-block-cover-is-layout-flow\">\n<h3 class=\"wp-block-heading\">Further articles<\/h3>\n\n\n<div class=\"news-items-wrapper news-view-normal news-count-3\">  <div class=\"news-item\"><div class=\"news-thumbnail\"><a href=\"https:\/\/www.progressives-zentrum.org\/en\/buried-villages-fragile-democracies-coal-community-and-the-unsteady-politics-of-the-climate-transition\/\"><img loading=\"lazy\" decoding=\"async\" width=\"768\" height=\"512\" src=\"https:\/\/www.progressives-zentrum.org\/en\/wp-content\/uploads\/sites\/2\/2026\/03\/dominik-vanyi-Mk2ls9UBO2E-unsplash-768x512.jpg\" class=\"attachment-dpz-blog-thumbnail size-dpz-blog-thumbnail wp-post-image\" alt=\"A wide-angle, high-perspective photograph of a vast open-pit mining operation. Multiple pieces of heavy industrial machinery are active across tiered dirt terraces, including large yellow haul trucks and hydraulic excavators in yellow and orange. The scene captures the scale of resource extraction, with steep, excavated rock walls in the background and a dusty, industrial atmosphere.\" sizes=\"auto, 100vw\" \/><\/a><\/div><div class=\"news-info-wrapper\"><h4 class=\"news-title\"><a href=\"https:\/\/www.progressives-zentrum.org\/en\/buried-villages-fragile-democracies-coal-community-and-the-unsteady-politics-of-the-climate-transition\/\">Buried Villages, Fragile Democracies: Coal, Community, and the Unsteady Politics of the Climate Transition<\/a><\/h4><div class=\"news-date\"><span class=\"screen-reader-text\">Posted on<\/span> <time class=\"entry-date published\" datetime=\"2026-03-26T12:16:48+01:00\">26. March 2026<\/time><time class=\"updated\" datetime=\"2026-03-26T12:18:08+01:00\">26. March 2026<\/time><\/div><div class=\"news-content\">The transition away from fossil fuels is as much about democratic resilience as it is about energy. Steve Patterson explores the \u201cpolitical whiplash\u201d of shifting national policies and the enduring struggle to protect community heritage from the erosion of both physical landscapes and institutional norms.<\/div><div class=\"news-authors\"><a class=\"news-author-item\" href=\"https:\/\/www.progressives-zentrum.org\/en\/person\/steve-patterson\/\">Steve Patterson<\/a><\/div><div class=\"news-category\"><a href=\"https:\/\/www.progressives-zentrum.org\/en\/kategorie\/debate\/\" rel=\"category tag\">Debate<\/a>, <a href=\"https:\/\/www.progressives-zentrum.org\/en\/kategorie\/projektbericht\/\" rel=\"category tag\">Project Report<\/a><\/div><\/div><!-- .class=\"news-info-wrapper --><\/div>  <div class=\"news-item\"><div class=\"news-thumbnail\"><a href=\"https:\/\/www.progressives-zentrum.org\/en\/how-can-the-new-special-fund-and-the-reform-of-the-debt-brake-achieve-optimal-effectiveness\/\"><img loading=\"lazy\" decoding=\"async\" width=\"768\" height=\"512\" src=\"https:\/\/www.progressives-zentrum.org\/en\/wp-content\/uploads\/sites\/2\/2025\/09\/250917_dpz_titelbild_jakob-von-weizsacker-768x512.jpg\" class=\"attachment-dpz-blog-thumbnail size-dpz-blog-thumbnail wp-post-image\" alt=\"\" sizes=\"auto, 100vw\" \/><\/a><\/div><div class=\"news-info-wrapper\"><h4 class=\"news-title\"><a href=\"https:\/\/www.progressives-zentrum.org\/en\/how-can-the-new-special-fund-and-the-reform-of-the-debt-brake-achieve-optimal-effectiveness\/\">How can the new special fund and the reform of the debt brake achieve optimal effectiveness?<\/a><\/h4><div class=\"news-date\"><span class=\"screen-reader-text\">Posted on<\/span> <time class=\"entry-date published\" datetime=\"2025-04-03T10:21:45+02:00\">3. April 2025<\/time><time class=\"updated\" datetime=\"2025-09-17T10:33:04+02:00\">17. September 2025<\/time><\/div><div class=\"news-content\">The CDU\/CSU and SPD parties have reached an agreement in the exploratory talks at a remarkable speed to create a special fund for infrastructure and to provide a far-reaching opportunity to increase defense spending beyond the limits of the debt brake. How should these proposals be assessed? What needs to be considered for the sustainable success of this modernization agenda? These questions were discussed on March 7, 2025, in a background roundtable with experts.<\/div><div class=\"news-authors\"><a class=\"news-author-item\" href=\"https:\/\/www.progressives-zentrum.org\/en\/person\/sebastian-pieper\/\">Sebastian Pieper<\/a><\/div><div class=\"news-category\"><a href=\"https:\/\/www.progressives-zentrum.org\/en\/kategorie\/veranstaltungsbericht\/\" rel=\"category tag\">Event Report<\/a><\/div><\/div><!-- .class=\"news-info-wrapper --><\/div>  <div class=\"news-item\"><div class=\"news-thumbnail\"><a href=\"https:\/\/www.progressives-zentrum.org\/en\/friedrich-merz-shattered-a-political-taboo-this-is-a-chance-for-the-centre-left\/\"><img loading=\"lazy\" decoding=\"async\" width=\"768\" height=\"512\" src=\"https:\/\/www.progressives-zentrum.org\/en\/wp-content\/uploads\/sites\/2\/2025\/02\/250211_dpz_slider_florian-ranft-for-the-guardian_c-epa-images-768x512.jpg\" class=\"attachment-dpz-blog-thumbnail size-dpz-blog-thumbnail wp-post-image\" alt=\"Slider: Coverpicture for the article of florian ranft in the Guardian\" sizes=\"auto, 100vw\" \/><\/a><\/div><div class=\"news-info-wrapper\"><h4 class=\"news-title\"><a href=\"https:\/\/www.progressives-zentrum.org\/en\/friedrich-merz-shattered-a-political-taboo-this-is-a-chance-for-the-centre-left\/\">Friedrich Merz shattered a political taboo. This is a chance for the centre-left in Germany<\/a><\/h4><div class=\"news-date\"><span class=\"screen-reader-text\">Posted on<\/span> <time class=\"entry-date published\" datetime=\"2025-02-11T15:51:27+01:00\">11. February 2025<\/time><time class=\"updated\" datetime=\"2025-05-09T16:38:17+02:00\">9. May 2025<\/time><\/div><div class=\"news-content\">Progressive parties swiftly need to turn the dial, Florian Ranft states in The Guardian. The attention needs to be moved from simply despising the enemies of democracy to what people really expect.<\/div><div class=\"news-authors\"><a class=\"news-author-item\" href=\"https:\/\/www.progressives-zentrum.org\/en\/person\/dr-florian-ranft\/\">Florian Ranft<\/a><\/div><div class=\"news-category\"><a href=\"https:\/\/www.progressives-zentrum.org\/en\/kategorie\/wir-in-den-medien\/\" rel=\"category tag\">In the Media<\/a><\/div><\/div><!-- .class=\"news-info-wrapper --><\/div> <\/div><!-- .news-wrapper -->\n\n\n\n<div class=\"wp-block-buttons is-content-justification-center is-layout-flex wp-container-core-buttons-is-layout-1 wp-block-buttons-is-layout-flex\">\n<div class=\"wp-block-button\"><a class=\"wp-block-button__link\" href=\"https:\/\/www.progressives-zentrum.org\/en\/blogs\/\" target=\"_blank\" rel=\"noreferrer noopener\">To the blog<\/a><\/div>\n<\/div>\n<\/div><\/div>\n","protected":false},"excerpt":{"rendered":"<p>Dinner Discussion on \u201cThe Road to Unfreedom\u201d with Timothy Snyder<\/p>\n","protected":false},"author":13,"featured_media":7161,"comment_status":"closed","ping_status":"closed","sticky":false,"template":"","format":"standard","meta":{"_acf_changed":false,"footnotes":""},"categories":[113],"tags":[309,209,136],"class_list":["post-7158","post","type-post","status-publish","format-standard","has-post-thumbnail","hentry","category-veranstaltungsbericht","tag-eu","tag-rechtspopulismus-und-extremismus","tag-liberale-demokratie"],"acf":[],"yoast_head":"<!-- This site is optimized with the Yoast SEO Premium plugin v24.3 (Yoast SEO v24.3) - https:\/\/yoast.com\/wordpress\/plugins\/seo\/ -->\n<title>The Politics of Eternity vs. The Future of European Democracy - Das Progressive Zentrum - EN<\/title>\n<meta name=\"robots\" content=\"index, follow, max-snippet:-1, max-image-preview:large, max-video-preview:-1\" \/>\n<link rel=\"canonical\" href=\"https:\/\/www.progressives-zentrum.org\/en\/the-politics-of-eternity-vs-the-future-of-european-democracy\/\" \/>\n<meta property=\"og:locale\" content=\"en_US\" \/>\n<meta property=\"og:type\" content=\"article\" \/>\n<meta property=\"og:title\" content=\"The Politics of Eternity vs. The Future of European Democracy\" \/>\n<meta property=\"og:description\" content=\"Dinner Discussion on \u201cThe Road to Unfreedom\u201d with Timothy Snyder\" \/>\n<meta property=\"og:url\" content=\"https:\/\/www.progressives-zentrum.org\/en\/the-politics-of-eternity-vs-the-future-of-european-democracy\/\" \/>\n<meta property=\"og:site_name\" content=\"Das Progressive Zentrum - EN\" \/>\n<meta property=\"article:published_time\" content=\"2019-01-15T14:22:00+00:00\" \/>\n<meta property=\"article:modified_time\" content=\"2022-06-17T09:28:52+00:00\" \/>\n<meta property=\"og:image\" content=\"https:\/\/www.progressives-zentrum.org\/en\/wp-content\/uploads\/sites\/2\/2022\/05\/Timothy-1024x683-1.jpg\" \/>\n\t<meta property=\"og:image:width\" content=\"1024\" \/>\n\t<meta property=\"og:image:height\" content=\"683\" \/>\n\t<meta property=\"og:image:type\" content=\"image\/jpeg\" \/>\n<meta name=\"author\" content=\"mfedzin\" \/>\n<meta name=\"twitter:card\" content=\"summary_large_image\" \/>\n<meta name=\"twitter:label1\" content=\"Written by\" \/>\n\t<meta name=\"twitter:data1\" content=\"mfedzin\" \/>\n\t<meta name=\"twitter:label2\" content=\"Est. reading time\" \/>\n\t<meta name=\"twitter:data2\" content=\"2 minutes\" \/>\n<script type=\"application\/ld+json\" class=\"yoast-schema-graph\">{\"@context\":\"https:\/\/schema.org\",\"@graph\":[{\"@type\":\"WebPage\",\"@id\":\"https:\/\/www.progressives-zentrum.org\/en\/the-politics-of-eternity-vs-the-future-of-european-democracy\/\",\"url\":\"https:\/\/www.progressives-zentrum.org\/en\/the-politics-of-eternity-vs-the-future-of-european-democracy\/\",\"name\":\"The Politics of Eternity vs. The Future of European Democracy - Das Progressive Zentrum - EN\",\"isPartOf\":{\"@id\":\"https:\/\/www.progressives-zentrum.org\/en\/#website\"},\"primaryImageOfPage\":{\"@id\":\"https:\/\/www.progressives-zentrum.org\/en\/the-politics-of-eternity-vs-the-future-of-european-democracy\/#primaryimage\"},\"image\":{\"@id\":\"https:\/\/www.progressives-zentrum.org\/en\/the-politics-of-eternity-vs-the-future-of-european-democracy\/#primaryimage\"},\"thumbnailUrl\":\"https:\/\/www.progressives-zentrum.org\/en\/wp-content\/uploads\/sites\/2\/2022\/05\/Timothy-1024x683-1.jpg\",\"datePublished\":\"2019-01-15T14:22:00+00:00\",\"dateModified\":\"2022-06-17T09:28:52+00:00\",\"author\":{\"@id\":\"https:\/\/www.progressives-zentrum.org\/en\/#\/schema\/person\/5d8f9eda07ed7153a14e463edc7a1be8\"},\"breadcrumb\":{\"@id\":\"https:\/\/www.progressives-zentrum.org\/en\/the-politics-of-eternity-vs-the-future-of-european-democracy\/#breadcrumb\"},\"inLanguage\":\"en-US\",\"potentialAction\":[{\"@type\":\"ReadAction\",\"target\":[\"https:\/\/www.progressives-zentrum.org\/en\/the-politics-of-eternity-vs-the-future-of-european-democracy\/\"]}]},{\"@type\":\"ImageObject\",\"inLanguage\":\"en-US\",\"@id\":\"https:\/\/www.progressives-zentrum.org\/en\/the-politics-of-eternity-vs-the-future-of-european-democracy\/#primaryimage\",\"url\":\"https:\/\/www.progressives-zentrum.org\/en\/wp-content\/uploads\/sites\/2\/2022\/05\/Timothy-1024x683-1.jpg\",\"contentUrl\":\"https:\/\/www.progressives-zentrum.org\/en\/wp-content\/uploads\/sites\/2\/2022\/05\/Timothy-1024x683-1.jpg\",\"width\":1024,\"height\":683},{\"@type\":\"BreadcrumbList\",\"@id\":\"https:\/\/www.progressives-zentrum.org\/en\/the-politics-of-eternity-vs-the-future-of-european-democracy\/#breadcrumb\",\"itemListElement\":[{\"@type\":\"ListItem\",\"position\":1,\"name\":\"Startseite\",\"item\":\"https:\/\/www.progressives-zentrum.org\/en\/\"},{\"@type\":\"ListItem\",\"position\":2,\"name\":\"The Politics of Eternity vs. The Future of European Democracy\"}]},{\"@type\":\"WebSite\",\"@id\":\"https:\/\/www.progressives-zentrum.org\/en\/#website\",\"url\":\"https:\/\/www.progressives-zentrum.org\/en\/\",\"name\":\"Das Progressive Zentrum - EN\",\"description\":\"Renewing the Promise of Progress.\",\"potentialAction\":[{\"@type\":\"SearchAction\",\"target\":{\"@type\":\"EntryPoint\",\"urlTemplate\":\"https:\/\/www.progressives-zentrum.org\/en\/?s={search_term_string}\"},\"query-input\":{\"@type\":\"PropertyValueSpecification\",\"valueRequired\":true,\"valueName\":\"search_term_string\"}}],\"inLanguage\":\"en-US\"},{\"@type\":\"Person\",\"@id\":\"https:\/\/www.progressives-zentrum.org\/en\/#\/schema\/person\/5d8f9eda07ed7153a14e463edc7a1be8\",\"name\":\"mfedzin\",\"image\":{\"@type\":\"ImageObject\",\"inLanguage\":\"en-US\",\"@id\":\"https:\/\/www.progressives-zentrum.org\/en\/#\/schema\/person\/image\/\",\"url\":\"https:\/\/secure.gravatar.com\/avatar\/5cb26216bd25fbd4830cc31eaba49ae9?s=96&d=mm&r=g\",\"contentUrl\":\"https:\/\/secure.gravatar.com\/avatar\/5cb26216bd25fbd4830cc31eaba49ae9?s=96&d=mm&r=g\",\"caption\":\"mfedzin\"},\"url\":\"https:\/\/www.progressives-zentrum.org\/en\/author\/mfedzin\/\"}]}<\/script>\n<!-- \/ Yoast SEO Premium plugin. -->","yoast_head_json":{"title":"The Politics of Eternity vs. The Future of European Democracy - Das Progressive Zentrum - EN","robots":{"index":"index","follow":"follow","max-snippet":"max-snippet:-1","max-image-preview":"max-image-preview:large","max-video-preview":"max-video-preview:-1"},"canonical":"https:\/\/www.progressives-zentrum.org\/en\/the-politics-of-eternity-vs-the-future-of-european-democracy\/","og_locale":"en_US","og_type":"article","og_title":"The Politics of Eternity vs. The Future of European Democracy","og_description":"Dinner Discussion on \u201cThe Road to Unfreedom\u201d with Timothy Snyder","og_url":"https:\/\/www.progressives-zentrum.org\/en\/the-politics-of-eternity-vs-the-future-of-european-democracy\/","og_site_name":"Das Progressive Zentrum - EN","article_published_time":"2019-01-15T14:22:00+00:00","article_modified_time":"2022-06-17T09:28:52+00:00","og_image":[{"width":1024,"height":683,"url":"https:\/\/www.progressives-zentrum.org\/en\/wp-content\/uploads\/sites\/2\/2022\/05\/Timothy-1024x683-1.jpg","type":"image\/jpeg"}],"author":"mfedzin","twitter_card":"summary_large_image","twitter_misc":{"Written by":"mfedzin","Est. reading time":"2 minutes"},"schema":{"@context":"https:\/\/schema.org","@graph":[{"@type":"WebPage","@id":"https:\/\/www.progressives-zentrum.org\/en\/the-politics-of-eternity-vs-the-future-of-european-democracy\/","url":"https:\/\/www.progressives-zentrum.org\/en\/the-politics-of-eternity-vs-the-future-of-european-democracy\/","name":"The Politics of Eternity vs. The Future of European Democracy - Das Progressive Zentrum - EN","isPartOf":{"@id":"https:\/\/www.progressives-zentrum.org\/en\/#website"},"primaryImageOfPage":{"@id":"https:\/\/www.progressives-zentrum.org\/en\/the-politics-of-eternity-vs-the-future-of-european-democracy\/#primaryimage"},"image":{"@id":"https:\/\/www.progressives-zentrum.org\/en\/the-politics-of-eternity-vs-the-future-of-european-democracy\/#primaryimage"},"thumbnailUrl":"https:\/\/www.progressives-zentrum.org\/en\/wp-content\/uploads\/sites\/2\/2022\/05\/Timothy-1024x683-1.jpg","datePublished":"2019-01-15T14:22:00+00:00","dateModified":"2022-06-17T09:28:52+00:00","author":{"@id":"https:\/\/www.progressives-zentrum.org\/en\/#\/schema\/person\/5d8f9eda07ed7153a14e463edc7a1be8"},"breadcrumb":{"@id":"https:\/\/www.progressives-zentrum.org\/en\/the-politics-of-eternity-vs-the-future-of-european-democracy\/#breadcrumb"},"inLanguage":"en-US","potentialAction":[{"@type":"ReadAction","target":["https:\/\/www.progressives-zentrum.org\/en\/the-politics-of-eternity-vs-the-future-of-european-democracy\/"]}]},{"@type":"ImageObject","inLanguage":"en-US","@id":"https:\/\/www.progressives-zentrum.org\/en\/the-politics-of-eternity-vs-the-future-of-european-democracy\/#primaryimage","url":"https:\/\/www.progressives-zentrum.org\/en\/wp-content\/uploads\/sites\/2\/2022\/05\/Timothy-1024x683-1.jpg","contentUrl":"https:\/\/www.progressives-zentrum.org\/en\/wp-content\/uploads\/sites\/2\/2022\/05\/Timothy-1024x683-1.jpg","width":1024,"height":683},{"@type":"BreadcrumbList","@id":"https:\/\/www.progressives-zentrum.org\/en\/the-politics-of-eternity-vs-the-future-of-european-democracy\/#breadcrumb","itemListElement":[{"@type":"ListItem","position":1,"name":"Startseite","item":"https:\/\/www.progressives-zentrum.org\/en\/"},{"@type":"ListItem","position":2,"name":"The Politics of Eternity vs. The Future of European Democracy"}]},{"@type":"WebSite","@id":"https:\/\/www.progressives-zentrum.org\/en\/#website","url":"https:\/\/www.progressives-zentrum.org\/en\/","name":"Das Progressive Zentrum - EN","description":"Renewing the Promise of Progress.","potentialAction":[{"@type":"SearchAction","target":{"@type":"EntryPoint","urlTemplate":"https:\/\/www.progressives-zentrum.org\/en\/?s={search_term_string}"},"query-input":{"@type":"PropertyValueSpecification","valueRequired":true,"valueName":"search_term_string"}}],"inLanguage":"en-US"},{"@type":"Person","@id":"https:\/\/www.progressives-zentrum.org\/en\/#\/schema\/person\/5d8f9eda07ed7153a14e463edc7a1be8","name":"mfedzin","image":{"@type":"ImageObject","inLanguage":"en-US","@id":"https:\/\/www.progressives-zentrum.org\/en\/#\/schema\/person\/image\/","url":"https:\/\/secure.gravatar.com\/avatar\/5cb26216bd25fbd4830cc31eaba49ae9?s=96&d=mm&r=g","contentUrl":"https:\/\/secure.gravatar.com\/avatar\/5cb26216bd25fbd4830cc31eaba49ae9?s=96&d=mm&r=g","caption":"mfedzin"},"url":"https:\/\/www.progressives-zentrum.org\/en\/author\/mfedzin\/"}]}},"_links":{"self":[{"href":"https:\/\/www.progressives-zentrum.org\/en\/wp-json\/wp\/v2\/posts\/7158","targetHints":{"allow":["GET"]}}],"collection":[{"href":"https:\/\/www.progressives-zentrum.org\/en\/wp-json\/wp\/v2\/posts"}],"about":[{"href":"https:\/\/www.progressives-zentrum.org\/en\/wp-json\/wp\/v2\/types\/post"}],"author":[{"embeddable":true,"href":"https:\/\/www.progressives-zentrum.org\/en\/wp-json\/wp\/v2\/users\/13"}],"replies":[{"embeddable":true,"href":"https:\/\/www.progressives-zentrum.org\/en\/wp-json\/wp\/v2\/comments?post=7158"}],"version-history":[{"count":5,"href":"https:\/\/www.progressives-zentrum.org\/en\/wp-json\/wp\/v2\/posts\/7158\/revisions"}],"predecessor-version":[{"id":11944,"href":"https:\/\/www.progressives-zentrum.org\/en\/wp-json\/wp\/v2\/posts\/7158\/revisions\/11944"}],"wp:featuredmedia":[{"embeddable":true,"href":"https:\/\/www.progressives-zentrum.org\/en\/wp-json\/wp\/v2\/media\/7161"}],"wp:attachment":[{"href":"https:\/\/www.progressives-zentrum.org\/en\/wp-json\/wp\/v2\/media?parent=7158"}],"wp:term":[{"taxonomy":"category","embeddable":true,"href":"https:\/\/www.progressives-zentrum.org\/en\/wp-json\/wp\/v2\/categories?post=7158"},{"taxonomy":"post_tag","embeddable":true,"href":"https:\/\/www.progressives-zentrum.org\/en\/wp-json\/wp\/v2\/tags?post=7158"}],"curies":[{"name":"wp","href":"https:\/\/api.w.org\/{rel}","templated":true}]}}