{"id":6161,"date":"2019-06-11T10:13:00","date_gmt":"2019-06-11T08:13:00","guid":{"rendered":"http:\/\/dpz.medienlabor-hosting.de\/?p=6161"},"modified":"2022-06-17T09:58:36","modified_gmt":"2022-06-17T07:58:36","slug":"impressions-of-just-transition","status":"publish","type":"post","link":"https:\/\/www.progressives-zentrum.org\/en\/impressions-of-just-transition\/","title":{"rendered":"IMPRESSIONS OF JUST TRANSITION"},"content":{"rendered":"\n<p><strong><em>Experts from academia and think tanks, energy transition practitioners, stakeholders, representatives from civil society and foreign policy decision-makers came together in two international workshops. In thematic working groups they identified relevant dimensions for action and discussed their experiences and practical solutions.<\/em><\/strong><\/p>\n\n\n\n<h2 class=\"wp-block-heading\">Voices of the workshop participants<\/h2>\n\n\n\n<figure class=\"wp-block-gallery has-nested-images columns-default is-cropped wp-block-gallery-1 is-layout-flex wp-block-gallery-is-layout-flex\">\n<figure class=\"wp-block-image size-large\"><a href=\"https:\/\/www.progressives-zentrum.org\/en\/wp-content\/uploads\/sites\/2\/2022\/04\/6-2.png\" target=\"_blank\" rel=\"noopener\"><img loading=\"lazy\" decoding=\"async\" width=\"1024\" height=\"512\" data-id=\"6167\" src=\"https:\/\/www.progressives-zentrum.org\/en\/wp-content\/uploads\/sites\/2\/2022\/04\/6-2.png\" alt=\"\" class=\"wp-image-6167\" \/><\/a><\/figure>\n\n\n\n<figure class=\"wp-block-image size-large\"><a href=\"https:\/\/www.progressives-zentrum.org\/en\/wp-content\/uploads\/sites\/2\/2022\/04\/Ada-A\u0301mon.png\" target=\"_blank\" rel=\"noopener\"><img loading=\"lazy\" decoding=\"async\" width=\"1024\" height=\"512\" data-id=\"6168\" src=\"https:\/\/www.progressives-zentrum.org\/en\/wp-content\/uploads\/sites\/2\/2022\/04\/Ada-A\u0301mon.png\" alt=\"\" class=\"wp-image-6168\" \/><\/a><\/figure>\n\n\n\n<figure class=\"wp-block-image size-large\"><a href=\"https:\/\/www.progressives-zentrum.org\/en\/wp-content\/uploads\/sites\/2\/2022\/04\/Jennifer-Tollmann.png\" target=\"_blank\" rel=\"noopener\"><img loading=\"lazy\" decoding=\"async\" width=\"1024\" height=\"512\" data-id=\"6170\" src=\"https:\/\/www.progressives-zentrum.org\/en\/wp-content\/uploads\/sites\/2\/2022\/04\/Jennifer-Tollmann.png\" alt=\"\" class=\"wp-image-6170\" \/><\/a><\/figure>\n\n\n\n<figure class=\"wp-block-image size-large\"><a href=\"https:\/\/www.progressives-zentrum.org\/en\/wp-content\/uploads\/sites\/2\/2022\/04\/Kirsten-Westphal.png\" target=\"_blank\" rel=\"noopener\"><img loading=\"lazy\" decoding=\"async\" width=\"1024\" height=\"512\" data-id=\"6171\" src=\"https:\/\/www.progressives-zentrum.org\/en\/wp-content\/uploads\/sites\/2\/2022\/04\/Kirsten-Westphal.png\" alt=\"\" class=\"wp-image-6171\" \/><\/a><\/figure>\n\n\n\n<figure class=\"wp-block-image size-large\"><a href=\"https:\/\/www.progressives-zentrum.org\/en\/wp-content\/uploads\/sites\/2\/2022\/04\/Maja-Go\u0308pel-1.png\" target=\"_blank\" rel=\"noopener\"><img loading=\"lazy\" decoding=\"async\" width=\"1024\" height=\"512\" data-id=\"6169\" src=\"https:\/\/www.progressives-zentrum.org\/en\/wp-content\/uploads\/sites\/2\/2022\/04\/Maja-Go\u0308pel-1.png\" alt=\"\" class=\"wp-image-6169\" \/><\/a><\/figure>\n\n\n\n<figure class=\"wp-block-image size-large\"><a href=\"https:\/\/www.progressives-zentrum.org\/en\/wp-content\/uploads\/sites\/2\/2022\/04\/Paul-Stevens.png\" target=\"_blank\" rel=\"noopener\"><img loading=\"lazy\" decoding=\"async\" width=\"1024\" height=\"512\" data-id=\"6172\" src=\"https:\/\/www.progressives-zentrum.org\/en\/wp-content\/uploads\/sites\/2\/2022\/04\/Paul-Stevens.png\" alt=\"\" class=\"wp-image-6172\" \/><\/a><\/figure>\n\n\n\n<figure class=\"wp-block-image size-large\"><a href=\"https:\/\/www.progressives-zentrum.org\/en\/wp-content\/uploads\/sites\/2\/2022\/04\/Peter-Wooders.png\" target=\"_blank\" rel=\"noopener\"><img loading=\"lazy\" decoding=\"async\" width=\"1024\" height=\"512\" data-id=\"6173\" src=\"https:\/\/www.progressives-zentrum.org\/en\/wp-content\/uploads\/sites\/2\/2022\/04\/Peter-Wooders.png\" alt=\"\" class=\"wp-image-6173\" \/><\/a><\/figure>\n\n\n\n<figure class=\"wp-block-image size-large\"><a href=\"https:\/\/www.progressives-zentrum.org\/en\/wp-content\/uploads\/sites\/2\/2022\/04\/Philip-Gass-1.png\" target=\"_blank\" rel=\"noopener\"><img loading=\"lazy\" decoding=\"async\" width=\"1024\" height=\"512\" data-id=\"6174\" src=\"https:\/\/www.progressives-zentrum.org\/en\/wp-content\/uploads\/sites\/2\/2022\/04\/Philip-Gass-1.png\" alt=\"\" class=\"wp-image-6174\" \/><\/a><\/figure>\n\n\n\n<figure class=\"wp-block-image size-large\"><a href=\"https:\/\/www.progressives-zentrum.org\/en\/wp-content\/uploads\/sites\/2\/2022\/04\/Sabrina-Schulz.png\" target=\"_blank\" rel=\"noopener\"><img loading=\"lazy\" decoding=\"async\" width=\"1024\" height=\"512\" data-id=\"6175\" src=\"https:\/\/www.progressives-zentrum.org\/en\/wp-content\/uploads\/sites\/2\/2022\/04\/Sabrina-Schulz.png\" alt=\"\" class=\"wp-image-6175\" \/><\/a><\/figure>\n<\/figure>\n\n\n\n<h2 class=\"wp-block-heading\">Three Questions to our workshop participants<\/h2>\n\n\n\n<p>What are the Key Elements of a Just Energy Transition?<\/p>\n\n\n\n<figure class=\"wp-block-embed is-type-video is-provider-youtube wp-block-embed-youtube wp-embed-aspect-16-9 wp-has-aspect-ratio\"><div class=\"wp-block-embed__wrapper\">\n<div class=\"BorlabsCookie _brlbs-cb-youtube\"><div class=\"_brlbs-content-blocker\"> <div class=\"_brlbs-embed _brlbs-video-youtube\"> <img decoding=\"async\" class=\"_brlbs-thumbnail\" src=\"https:\/\/www.progressives-zentrum.org\/en\/wp-content\/plugins\/borlabs-cookie\/assets\/images\/cb-no-thumbnail.png\" alt=\"YouTube\"> <div class=\"_brlbs-caption\"> <p>By loading the video, you agree to YouTube&#8217;s privacy policy.<br><a href=\"https:\/\/policies.google.com\/privacy?hl=en&amp;gl=en\" target=\"_blank\" rel=\"nofollow noopener noreferrer\">Learn more<\/a><\/p> <p><a class=\"_brlbs-btn _brlbs-icon-play-white\" href=\"#\" data-borlabs-cookie-unblock role=\"button\">Load video<\/a><\/p> <p><label><input type=\"checkbox\" name=\"unblockAll\" value=\"1\" checked> <small>Always unblock YouTube<\/small><\/label><\/p> <\/div> <\/div> <\/div><div class=\"borlabs-hide\" data-borlabs-cookie-type=\"content-blocker\" data-borlabs-cookie-id=\"youtube\"><script type=\"text\/template\">PGlmcmFtZSB0aXRsZT0iSnVzdCBUcmFuc2l0aW9uOiBXaGF0IGFyZSB0aGUgS2V5IEVsZW1lbnRzIG9mIGEgSnVzdCBFbmVyZ3kgVHJhbnNpdGlvbj8iIHdpZHRoPSIxNDAwIiBoZWlnaHQ9Ijc4OCIgc3JjPSJodHRwczovL3d3dy55b3V0dWJlLW5vY29va2llLmNvbS9lbWJlZC9mbEdfN3hvQjNwMD9mZWF0dXJlPW9lbWJlZCIgZnJhbWVib3JkZXI9IjAiIGFsbG93PSJhY2NlbGVyb21ldGVyOyBhdXRvcGxheTsgY2xpcGJvYXJkLXdyaXRlOyBlbmNyeXB0ZWQtbWVkaWE7IGd5cm9zY29wZTsgcGljdHVyZS1pbi1waWN0dXJlIiBhbGxvd2Z1bGxzY3JlZW4+PC9pZnJhbWU+<\/script><\/div><\/div>\n<\/div><\/figure>\n\n\n\n<figure class=\"wp-block-embed is-type-video is-provider-youtube wp-block-embed-youtube wp-embed-aspect-16-9 wp-has-aspect-ratio\"><div class=\"wp-block-embed__wrapper\">\n<div class=\"BorlabsCookie _brlbs-cb-youtube\"><div class=\"_brlbs-content-blocker\"> <div class=\"_brlbs-embed _brlbs-video-youtube\"> <img decoding=\"async\" class=\"_brlbs-thumbnail\" src=\"https:\/\/www.progressives-zentrum.org\/en\/wp-content\/plugins\/borlabs-cookie\/assets\/images\/cb-no-thumbnail.png\" alt=\"YouTube\"> <div class=\"_brlbs-caption\"> <p>By loading the video, you agree to YouTube&#8217;s privacy policy.<br><a href=\"https:\/\/policies.google.com\/privacy?hl=en&amp;gl=en\" target=\"_blank\" rel=\"nofollow noopener noreferrer\">Learn more<\/a><\/p> <p><a class=\"_brlbs-btn _brlbs-icon-play-white\" href=\"#\" data-borlabs-cookie-unblock role=\"button\">Load video<\/a><\/p> <p><label><input type=\"checkbox\" name=\"unblockAll\" value=\"1\" checked> <small>Always unblock YouTube<\/small><\/label><\/p> <\/div> <\/div> <\/div><div class=\"borlabs-hide\" data-borlabs-cookie-type=\"content-blocker\" data-borlabs-cookie-id=\"youtube\"><script type=\"text\/template\">PGlmcmFtZSB0aXRsZT0iSnVzdCBUcmFuc2l0aW9uOiBXaGF0IGFyZSB0aGUgSW50ZXJuYXRpb25hbCBBc3BlY3RzIG9mIGEgSnVzdCBFbmVyZ3kgVHJhbnNpdGlvbj8iIHdpZHRoPSIxNDAwIiBoZWlnaHQ9Ijc4OCIgc3JjPSJodHRwczovL3d3dy55b3V0dWJlLW5vY29va2llLmNvbS9lbWJlZC9FcklTak9sMDhvTT9mZWF0dXJlPW9lbWJlZCIgZnJhbWVib3JkZXI9IjAiIGFsbG93PSJhY2NlbGVyb21ldGVyOyBhdXRvcGxheTsgY2xpcGJvYXJkLXdyaXRlOyBlbmNyeXB0ZWQtbWVkaWE7IGd5cm9zY29wZTsgcGljdHVyZS1pbi1waWN0dXJlIiBhbGxvd2Z1bGxzY3JlZW4+PC9pZnJhbWU+<\/script><\/div><\/div>\n<\/div><\/figure>\n\n\n\n<figure class=\"wp-block-embed is-type-video is-provider-youtube wp-block-embed-youtube wp-embed-aspect-16-9 wp-has-aspect-ratio\"><div class=\"wp-block-embed__wrapper\">\n<div class=\"BorlabsCookie _brlbs-cb-youtube\"><div class=\"_brlbs-content-blocker\"> <div class=\"_brlbs-embed _brlbs-video-youtube\"> <img decoding=\"async\" class=\"_brlbs-thumbnail\" src=\"https:\/\/www.progressives-zentrum.org\/en\/wp-content\/plugins\/borlabs-cookie\/assets\/images\/cb-no-thumbnail.png\" alt=\"YouTube\"> <div class=\"_brlbs-caption\"> <p>By loading the video, you agree to YouTube&#8217;s privacy policy.<br><a href=\"https:\/\/policies.google.com\/privacy?hl=en&amp;gl=en\" target=\"_blank\" rel=\"nofollow noopener noreferrer\">Learn more<\/a><\/p> <p><a class=\"_brlbs-btn _brlbs-icon-play-white\" href=\"#\" data-borlabs-cookie-unblock role=\"button\">Load video<\/a><\/p> <p><label><input type=\"checkbox\" name=\"unblockAll\" value=\"1\" checked> <small>Always unblock YouTube<\/small><\/label><\/p> <\/div> <\/div> <\/div><div class=\"borlabs-hide\" data-borlabs-cookie-type=\"content-blocker\" data-borlabs-cookie-id=\"youtube\"><script type=\"text\/template\">PGlmcmFtZSB0aXRsZT0iSnVzdCBUcmFuc2l0aW9uOiBXaGF0IGlzIHRoZSBSb2xlIG9mIEZvcmVpZ24gUG9saWN5IGZvciBhIEp1c3QgVHJhbnNpdGlvbj8iIHdpZHRoPSIxNDAwIiBoZWlnaHQ9Ijc4OCIgc3JjPSJodHRwczovL3d3dy55b3V0dWJlLW5vY29va2llLmNvbS9lbWJlZC9fNFJuUzMzM2xsWT9mZWF0dXJlPW9lbWJlZCIgZnJhbWVib3JkZXI9IjAiIGFsbG93PSJhY2NlbGVyb21ldGVyOyBhdXRvcGxheTsgY2xpcGJvYXJkLXdyaXRlOyBlbmNyeXB0ZWQtbWVkaWE7IGd5cm9zY29wZTsgcGljdHVyZS1pbi1waWN0dXJlIiBhbGxvd2Z1bGxzY3JlZW4+PC9pZnJhbWU+<\/script><\/div><\/div>\n<\/div><\/figure>\n\n\n\n<h2 class=\"wp-block-heading\">Impressions<\/h2>\n\n\n\n<figure class=\"wp-block-gallery has-nested-images columns-default is-cropped wp-block-gallery-2 is-layout-flex wp-block-gallery-is-layout-flex\">\n<figure class=\"wp-block-image size-large\"><img loading=\"lazy\" decoding=\"async\" width=\"800\" height=\"614\" data-id=\"6181\" src=\"https:\/\/www.progressives-zentrum.org\/en\/wp-content\/uploads\/sites\/2\/2022\/04\/DSCF8684-1.jpg\" alt=\"\" class=\"wp-image-6181\" \/><\/figure>\n\n\n\n<figure class=\"wp-block-image size-large\"><img loading=\"lazy\" decoding=\"async\" width=\"800\" height=\"533\" data-id=\"6182\" src=\"https:\/\/www.progressives-zentrum.org\/en\/wp-content\/uploads\/sites\/2\/2022\/04\/DSCF8724.jpg\" alt=\"\" class=\"wp-image-6182\" \/><\/figure>\n\n\n\n<figure class=\"wp-block-image size-large\"><img loading=\"lazy\" decoding=\"async\" width=\"800\" height=\"886\" data-id=\"6185\" src=\"https:\/\/www.progressives-zentrum.org\/en\/wp-content\/uploads\/sites\/2\/2022\/04\/DSCF8769-1.jpg\" alt=\"\" class=\"wp-image-6185\" \/><\/figure>\n\n\n\n<figure class=\"wp-block-image size-large\"><img loading=\"lazy\" decoding=\"async\" width=\"800\" height=\"533\" data-id=\"6183\" src=\"https:\/\/www.progressives-zentrum.org\/en\/wp-content\/uploads\/sites\/2\/2022\/04\/DSCF8797.jpg\" alt=\"\" class=\"wp-image-6183\" \/><\/figure>\n\n\n\n<figure class=\"wp-block-image size-large\"><img loading=\"lazy\" decoding=\"async\" width=\"800\" height=\"533\" data-id=\"6184\" src=\"https:\/\/www.progressives-zentrum.org\/en\/wp-content\/uploads\/sites\/2\/2022\/04\/DSCF8829.jpg\" alt=\"\" class=\"wp-image-6184\" \/><\/figure>\n\n\n\n<figure class=\"wp-block-image size-large\"><img loading=\"lazy\" decoding=\"async\" width=\"1400\" height=\"825\" data-id=\"6186\" src=\"https:\/\/www.progressives-zentrum.org\/en\/wp-content\/uploads\/sites\/2\/2022\/04\/Just-Transition-Workshop.jpg\" alt=\"\" class=\"wp-image-6186\" \/><\/figure>\n\n\n\n<figure class=\"wp-block-image size-large\"><img loading=\"lazy\" decoding=\"async\" width=\"1920\" height=\"1280\" data-id=\"6188\" src=\"https:\/\/www.progressives-zentrum.org\/en\/wp-content\/uploads\/sites\/2\/2022\/04\/Workshop-Giz-290519-2-1920x1280.jpg\" alt=\"\" class=\"wp-image-6188\" \/><\/figure>\n\n\n\n<figure class=\"wp-block-image size-large\"><img loading=\"lazy\" decoding=\"async\" width=\"1280\" height=\"1920\" data-id=\"6187\" src=\"https:\/\/www.progressives-zentrum.org\/en\/wp-content\/uploads\/sites\/2\/2022\/04\/Workshop-Giz-290519-16-1280x1920.jpg\" alt=\"\" class=\"wp-image-6187\" \/><\/figure>\n\n\n\n<figure class=\"wp-block-image size-large\"><img loading=\"lazy\" decoding=\"async\" width=\"1920\" height=\"1280\" data-id=\"6189\" src=\"https:\/\/www.progressives-zentrum.org\/en\/wp-content\/uploads\/sites\/2\/2022\/04\/Workshop-Giz-290519-46-1920x1280.jpg\" alt=\"\" class=\"wp-image-6189\" \/><\/figure>\n\n\n\n<figure class=\"wp-block-image size-large\"><img loading=\"lazy\" decoding=\"async\" width=\"1920\" height=\"1280\" data-id=\"6191\" src=\"https:\/\/www.progressives-zentrum.org\/en\/wp-content\/uploads\/sites\/2\/2022\/04\/Workshop-Giz-290519-59-1920x1280.jpg\" alt=\"\" class=\"wp-image-6191\" \/><\/figure>\n\n\n\n<figure class=\"wp-block-image size-large\"><img loading=\"lazy\" decoding=\"async\" width=\"1920\" height=\"1280\" data-id=\"6192\" src=\"https:\/\/www.progressives-zentrum.org\/en\/wp-content\/uploads\/sites\/2\/2022\/04\/Workshop-Giz-290519-78-1920x1280.jpg\" alt=\"\" class=\"wp-image-6192\" \/><\/figure>\n\n\n\n<figure class=\"wp-block-image size-large\"><img loading=\"lazy\" decoding=\"async\" width=\"1920\" height=\"1280\" data-id=\"6190\" src=\"https:\/\/www.progressives-zentrum.org\/en\/wp-content\/uploads\/sites\/2\/2022\/04\/Workshop-Giz-290519-81-1920x1280.jpg\" alt=\"\" class=\"wp-image-6190\" \/><\/figure>\n<\/figure>\n\n\n\n<hr class=\"wp-block-separator has-css-opacity\" \/>\n\n\n\n<div class=\"wp-block-buttons is-layout-flex wp-block-buttons-is-layout-flex\">\n<div class=\"wp-block-button aligncenter\"><a class=\"wp-block-button__link\" href=\"https:\/\/www.progressives-zentrum.org\/en\/publication\/foreign-policy-and-the-just-transition\/\" target=\"_blank\" rel=\"noreferrer noopener\">Results of the Project<\/a><\/div>\n<\/div>\n\n\n\n<p>The events were hosted by:<\/p>\n\n\n\n<div class=\"wp-block-columns is-layout-flex wp-container-core-columns-is-layout-1 wp-block-columns-is-layout-flex\">\n<div class=\"wp-block-column is-layout-flow wp-block-column-is-layout-flow\"><div class=\"partner-item partner-view-small\"><div class=\"partner-thumbnail\"><a href=\"https:\/\/www.progressives-zentrum.org\/en\/partner\/federal-foreign-office\/\"><img loading=\"lazy\" decoding=\"async\" width=\"406\" height=\"200\" src=\"https:\/\/www.progressives-zentrum.org\/en\/wp-content\/uploads\/sites\/2\/2022\/05\/AA_2017_Office_Farbe_en-e1655191880525-406x200.png\" class=\"attachment-dpz-logo size-dpz-logo wp-post-image\" alt=\"\" sizes=\"auto, 100vw\" \/><\/a><\/div><\/div><!-- .partner-item -->\n<\/div>\n\n\n\n<div class=\"wp-block-column is-layout-flow wp-block-column-is-layout-flow\"><div class=\"partner-item partner-view-small\"><div class=\"partner-thumbnail\"><a href=\"https:\/\/www.progressives-zentrum.org\/en\/partner\/deutsche-gesellschaft-fuer-internationale-zusammenarbeit-giz-gmbh\/\"><img loading=\"lazy\" decoding=\"async\" width=\"428\" height=\"118\" src=\"https:\/\/www.progressives-zentrum.org\/en\/wp-content\/uploads\/sites\/2\/2022\/05\/giz_logo.png\" class=\"attachment-dpz-logo size-dpz-logo wp-post-image\" alt=\"\" sizes=\"auto, 100vw\" \/><\/a><\/div><\/div><!-- .partner-item -->\n<\/div>\n\n\n\n<div class=\"wp-block-column is-layout-flow wp-block-column-is-layout-flow\">\n<figure class=\"wp-block-image size-full\"><img loading=\"lazy\" decoding=\"async\" width=\"350\" height=\"175\" src=\"https:\/\/www.progressives-zentrum.org\/en\/wp-content\/uploads\/sites\/2\/2022\/04\/350px-Logo-prog-zentrum-3.png\" alt=\"\" class=\"wp-image-5699\" \/><\/figure>\n<\/div>\n<\/div>\n\n\n\n<h2 class=\"wp-block-heading\">Authors<\/h2>\n\n\n<div class=\"person-item person-view-author\"><div class=\"person-info-wrapper\"><div class=\"person-thumbnail\"><a href=\"https:\/\/www.progressives-zentrum.org\/en\/person\/dr-maria-skora\/\"><img loading=\"lazy\" decoding=\"async\" width=\"600\" height=\"600\" src=\"https:\/\/www.progressives-zentrum.org\/en\/wp-content\/uploads\/sites\/2\/2022\/04\/Maria-Skora_gross_Das-Progressive-Zentrum_Capital-Headshots-Berlin-1-1024x681-1-600x600.jpg\" class=\"attachment-thumbnail size-thumbnail wp-post-image\" alt=\"\" sizes=\"auto, 100vw\" \/><\/a><\/div><h4 class=\"person-title\"><a href=\"https:\/\/www.progressives-zentrum.org\/en\/person\/dr-maria-skora\/\">Dr. Maria Sk\u00f3ra<\/a><\/h4><div class=\"person-position\">Policy Fellow<\/div><div class=\"person-social\"><a class=\"person-twitter\" href=\"https:\/\/twitter.com\/mariaskora\" target=\"_blank\" rel=\"noopener nofollow\"><svg class=\"icon icon-twitter\" aria-hidden=\"true\" role=\"img\"> <use xlink:href=\"https:\/\/www.progressives-zentrum.org\/en\/wp-content\/themes\/dpz\/assets\/images\/svg-icons2.svg#icon-twitter\"><\/use> <\/svg><\/a> <\/div><!-- .person-social --><\/div><!-- .person-info-wrapper --><div class=\"person-excerpt\">Maria Sk\u00f3ra is a policy fellow at Das Progressive Zentrum. Previously, she was Research Associate at the Institut f\u00fcr Europ\u00e4ische Politik and head of the International Dialogue program at Das Progressive Zentrum.<\/div><\/div><!-- .person-item --><div class=\"person-item person-view-author\"><div class=\"person-info-wrapper\"><div class=\"person-thumbnail\"><a href=\"https:\/\/www.progressives-zentrum.org\/en\/person\/janis-prinz\/\"><img loading=\"lazy\" decoding=\"async\" width=\"600\" height=\"600\" src=\"https:\/\/www.progressives-zentrum.org\/en\/wp-content\/uploads\/sites\/2\/2022\/04\/Janis-Prinz-600x600.png\" class=\"attachment-thumbnail size-thumbnail wp-post-image\" alt=\"\" sizes=\"auto, 100vw\" \/><\/a><\/div><h4 class=\"person-title\"><a href=\"https:\/\/www.progressives-zentrum.org\/en\/person\/janis-prinz\/\">Janis Prinz<\/a><\/h4><div class=\"person-position\">Alumnus<\/div><div class=\"person-social\"><a class=\"person-website\" href=\"https:\/\/forum-streitkultur.de\/ueber\/\" target=\"_blank\" rel=\"noopener nofollow\"><svg class=\"icon icon-chain\" aria-hidden=\"true\" role=\"img\"> <use xlink:href=\"https:\/\/www.progressives-zentrum.org\/en\/wp-content\/themes\/dpz\/assets\/images\/svg-icons2.svg#icon-chain\"><\/use> <\/svg><\/a> <a class=\"person-linkedin\" href=\"https:\/\/www.linkedin.com\/in\/janis-prinz\/\" target=\"_blank\" rel=\"noopener nofollow\"><svg class=\"icon icon-linkedin\" aria-hidden=\"true\" role=\"img\"> <use xlink:href=\"https:\/\/www.progressives-zentrum.org\/en\/wp-content\/themes\/dpz\/assets\/images\/svg-icons2.svg#icon-linkedin\"><\/use> <\/svg><\/a> <\/div><!-- .person-social --><\/div><!-- .person-info-wrapper --><div class=\"person-excerpt\">Janis Prinz worked as a trainee at the Progressive Center from November 2018 to May 2020 in the program area \"Structural Change\" on energy &amp; climate policy issues as well as on the topic of populism. While studying philosophy and neuroscience, he was already involved in political participation and a democratic culture of debate at the Symposium Magdeburg e.V. and on the board of the Debate Club Magdeburg e.V..<\/div><\/div><!-- .person-item -->\n\n\n\n<div class=\"wp-block-cover is-light alignfull\" style=\"min-height:50px;aspect-ratio:unset;\"><span aria-hidden=\"true\" class=\"wp-block-cover__background has-light-grey-background-color has-background-dim-100 has-background-dim\"><\/span><div class=\"wp-block-cover__inner-container is-layout-flow wp-block-cover-is-layout-flow\">\n<h3 class=\"wp-block-heading\">Further articles<\/h3>\n\n\n<div class=\"news-items-wrapper news-view-normal news-count-3\">  <div class=\"news-item\"><div class=\"news-thumbnail\"><a href=\"https:\/\/www.progressives-zentrum.org\/en\/buried-villages-fragile-democracies-coal-community-and-the-unsteady-politics-of-the-climate-transition\/\"><img loading=\"lazy\" decoding=\"async\" width=\"768\" height=\"512\" src=\"https:\/\/www.progressives-zentrum.org\/en\/wp-content\/uploads\/sites\/2\/2026\/03\/dominik-vanyi-Mk2ls9UBO2E-unsplash-768x512.jpg\" class=\"attachment-dpz-blog-thumbnail size-dpz-blog-thumbnail wp-post-image\" alt=\"A wide-angle, high-perspective photograph of a vast open-pit mining operation. Multiple pieces of heavy industrial machinery are active across tiered dirt terraces, including large yellow haul trucks and hydraulic excavators in yellow and orange. The scene captures the scale of resource extraction, with steep, excavated rock walls in the background and a dusty, industrial atmosphere.\" sizes=\"auto, 100vw\" \/><\/a><\/div><div class=\"news-info-wrapper\"><h4 class=\"news-title\"><a href=\"https:\/\/www.progressives-zentrum.org\/en\/buried-villages-fragile-democracies-coal-community-and-the-unsteady-politics-of-the-climate-transition\/\">Buried Villages, Fragile Democracies: Coal, Community, and the Unsteady Politics of the Climate Transition<\/a><\/h4><div class=\"news-date\"><span class=\"screen-reader-text\">Posted on<\/span> <time class=\"entry-date published\" datetime=\"2026-03-26T12:16:48+01:00\">26. March 2026<\/time><time class=\"updated\" datetime=\"2026-03-26T12:18:08+01:00\">26. March 2026<\/time><\/div><div class=\"news-content\">The transition away from fossil fuels is as much about democratic resilience as it is about energy. Steve Patterson explores the \u201cpolitical whiplash\u201d of shifting national policies and the enduring struggle to protect community heritage from the erosion of both physical landscapes and institutional norms.<\/div><div class=\"news-authors\"><a class=\"news-author-item\" href=\"https:\/\/www.progressives-zentrum.org\/en\/person\/steve-patterson\/\">Steve Patterson<\/a><\/div><div class=\"news-category\"><a href=\"https:\/\/www.progressives-zentrum.org\/en\/kategorie\/debate\/\" rel=\"category tag\">Debate<\/a>, <a href=\"https:\/\/www.progressives-zentrum.org\/en\/kategorie\/projektbericht\/\" rel=\"category tag\">Project Report<\/a><\/div><\/div><!-- .class=\"news-info-wrapper --><\/div>  <div class=\"news-item\"><div class=\"news-thumbnail\"><a href=\"https:\/\/www.progressives-zentrum.org\/en\/revitalising-the-industrial-heartlands-retrospective-and-results-from-the-transatlantic-dialogue\/\"><img loading=\"lazy\" decoding=\"async\" width=\"768\" height=\"512\" src=\"https:\/\/www.progressives-zentrum.org\/en\/wp-content\/uploads\/sites\/2\/2026\/01\/jakub-zerdzicki-m9GPDbbytVw-unsplash-768x512.jpg\" class=\"attachment-dpz-blog-thumbnail size-dpz-blog-thumbnail wp-post-image\" alt=\"\" sizes=\"auto, 100vw\" \/><\/a><\/div><div class=\"news-info-wrapper\"><h4 class=\"news-title\"><a href=\"https:\/\/www.progressives-zentrum.org\/en\/revitalising-the-industrial-heartlands-retrospective-and-results-from-the-transatlantic-dialogue\/\">Revitalising the Industrial Heartlands: Retrospective and Results from the Transatlantic Dialogue<\/a><\/h4><div class=\"news-date\"><span class=\"screen-reader-text\">Posted on<\/span> <time class=\"entry-date published\" datetime=\"2026-01-30T17:09:09+01:00\">30. January 2026<\/time><time class=\"updated\" datetime=\"2026-01-30T17:59:03+01:00\">30. January 2026<\/time><\/div><div class=\"news-content\">Drawing on three years of transatlantic research and exchange, the project's closing conference explored actionable strategies for heartland revitalization\u2014demonstrating that cities and municipalities are driving both economic revival and democratic renewal.<\/div><div class=\"news-authors\"><a class=\"news-author-item\" href=\"https:\/\/www.progressives-zentrum.org\/en\/person\/aaron-remus\/\">Aaron Remus<\/a>, <a class=\"news-author-item\" href=\"https:\/\/www.progressives-zentrum.org\/en\/person\/axel-ruppert\/\">Axel Ruppert<\/a><\/div><div class=\"news-category\"><a href=\"https:\/\/www.progressives-zentrum.org\/en\/kategorie\/veranstaltungsbericht\/\" rel=\"category tag\">Event Report<\/a><\/div><\/div><!-- .class=\"news-info-wrapper --><\/div>  <div class=\"news-item\"><div class=\"news-thumbnail\"><a href=\"https:\/\/www.progressives-zentrum.org\/en\/transatlantic-perspectives-on-trade-trust-transition\/\"><img loading=\"lazy\" decoding=\"async\" width=\"768\" height=\"512\" src=\"https:\/\/www.progressives-zentrum.org\/en\/wp-content\/uploads\/sites\/2\/2025\/06\/54472998445_ec11cf9823_c-768x512.jpg\" class=\"attachment-dpz-blog-thumbnail size-dpz-blog-thumbnail wp-post-image\" alt=\"Conference setting with Armand Zorn speaking\" sizes=\"auto, 100vw\" \/><\/a><\/div><div class=\"news-info-wrapper\"><h4 class=\"news-title\"><a href=\"https:\/\/www.progressives-zentrum.org\/en\/transatlantic-perspectives-on-trade-trust-transition\/\">Trade, Trust and Transition \u2013 Transatlantic Perspectives in Times of Geopolitical Disruption<\/a><\/h4><div class=\"news-date\"><span class=\"screen-reader-text\">Posted on<\/span> <time class=\"entry-date published\" datetime=\"2025-06-11T14:58:18+02:00\">11. June 2025<\/time><time class=\"updated\" datetime=\"2025-06-11T14:58:19+02:00\">11. June 2025<\/time><\/div><div class=\"news-content\">In an era marked by global insecurity, geopolitical friction, and economic transformation, the Progressive Economics Network (PEN) reconvened in Washington, D.C.<\/div><div class=\"news-authors\"><a class=\"news-author-item\" href=\"https:\/\/www.progressives-zentrum.org\/en\/person\/soren-hellmonds\/\">S\u00f6ren Hellmonds<\/a>, <a class=\"news-author-item\" href=\"https:\/\/www.progressives-zentrum.org\/en\/person\/mariam-ghebrezgabher\/\">Mariam Ghebregergis<\/a><\/div><div class=\"news-category\"><a href=\"https:\/\/www.progressives-zentrum.org\/en\/kategorie\/veranstaltungsbericht\/\" rel=\"category tag\">Event Report<\/a>, <a href=\"https:\/\/www.progressives-zentrum.org\/en\/kategorie\/meldung\/\" rel=\"category tag\">News<\/a><\/div><\/div><!-- .class=\"news-info-wrapper --><\/div> <\/div><!-- .news-wrapper -->\n\n\n\n<div class=\"wp-block-buttons is-content-justification-center is-layout-flex wp-container-core-buttons-is-layout-2 wp-block-buttons-is-layout-flex\">\n<div class=\"wp-block-button\"><a class=\"wp-block-button__link\" href=\"https:\/\/www.progressives-zentrum.org\/en\/blogs\/\" target=\"_blank\" rel=\"noreferrer noopener\">To the blog<\/a><\/div>\n<\/div>\n<\/div><\/div>\n\n\n\n<div class=\"wp-block-cover aligncenter is-light alignfull\" style=\"min-height:376px;aspect-ratio:unset;\"><span aria-hidden=\"true\" class=\"wp-block-cover__background has-light-purple-background-color has-background-dim-100 has-background-dim\"><\/span><div class=\"wp-block-cover__inner-container is-layout-flow wp-block-cover-is-layout-flow\">\n<div class=\"wp-block-group newsletter\"><div class=\"wp-block-group__inner-container is-layout-flow wp-block-group-is-layout-flow\">\n<h2 class=\"wp-block-heading\" id=\"informiert-bleiben\" style=\"font-size:30px\">From Berlin to Brussels &#8211;  Stay up to date on the progressive politics that matter.\u00a0<\/h2>\n\n\n\n<p>Our newsletter gives you all the necessary information about our latest events, studies and debates.<\/p>\n\n\n<div class=\"newsletter-form-wrapper\">  <form action=\"\/en\/newsletter\/\" method=\"get\" class=\"newsletter-form\" id=\"\">     <input type=\"text\" name=\"your-email\" value=\"\" size=\"\" class=\"\" placeholder=\"Email\">     <button type=\"submit\" class=\"newsletter-button\">subscribe<\/button>   <\/form> <\/div>\n<\/div><\/div>\n<\/div><\/div>\n\n\n\n<p><\/p>\n","protected":false},"excerpt":{"rendered":"<p>Statements and videos from experts, stakeholders and decision-makers during our workshops <\/p>\n","protected":false},"author":14,"featured_media":6186,"comment_status":"closed","ping_status":"closed","sticky":false,"template":"","format":"standard","meta":{"_acf_changed":false,"footnotes":""},"categories":[113],"tags":[324,201,330,197,199],"class_list":["post-6161","post","type-post","status-publish","format-standard","has-post-thumbnail","hentry","category-veranstaltungsbericht","tag-klimapolitik","tag-dekarbonisierung","tag-energiewende","tag-sozial-oekologische-marktwirtschaft","tag-transformationsakzeptanz"],"acf":[],"yoast_head":"<!-- This site is optimized with the Yoast SEO Premium plugin v24.3 (Yoast SEO v24.3) - https:\/\/yoast.com\/wordpress\/plugins\/seo\/ -->\n<title>IMPRESSIONS OF JUST TRANSITION - Das Progressive Zentrum - EN<\/title>\n<meta name=\"robots\" content=\"index, follow, max-snippet:-1, max-image-preview:large, max-video-preview:-1\" \/>\n<link rel=\"canonical\" href=\"https:\/\/www.progressives-zentrum.org\/en\/impressions-of-just-transition\/\" \/>\n<meta property=\"og:locale\" content=\"en_US\" \/>\n<meta property=\"og:type\" content=\"article\" \/>\n<meta property=\"og:title\" content=\"IMPRESSIONS OF JUST TRANSITION\" \/>\n<meta property=\"og:description\" content=\"Statements and videos from experts, stakeholders and decision-makers during our workshops\" \/>\n<meta property=\"og:url\" content=\"https:\/\/www.progressives-zentrum.org\/en\/impressions-of-just-transition\/\" \/>\n<meta property=\"og:site_name\" content=\"Das Progressive Zentrum - EN\" \/>\n<meta property=\"article:published_time\" content=\"2019-06-11T08:13:00+00:00\" \/>\n<meta property=\"article:modified_time\" content=\"2022-06-17T07:58:36+00:00\" \/>\n<meta property=\"og:image\" content=\"https:\/\/www.progressives-zentrum.org\/en\/wp-content\/uploads\/sites\/2\/2022\/04\/Just-Transition-Workshop.jpg\" \/>\n\t<meta property=\"og:image:width\" content=\"1400\" \/>\n\t<meta property=\"og:image:height\" content=\"825\" \/>\n\t<meta property=\"og:image:type\" content=\"image\/jpeg\" \/>\n<meta name=\"author\" content=\"tnicolaus\" \/>\n<meta name=\"twitter:card\" content=\"summary_large_image\" \/>\n<meta name=\"twitter:label1\" content=\"Written by\" \/>\n\t<meta name=\"twitter:data1\" content=\"tnicolaus\" \/>\n\t<meta name=\"twitter:label2\" content=\"Est. reading time\" \/>\n\t<meta name=\"twitter:data2\" content=\"5 minutes\" \/>\n<script type=\"application\/ld+json\" class=\"yoast-schema-graph\">{\"@context\":\"https:\/\/schema.org\",\"@graph\":[{\"@type\":\"WebPage\",\"@id\":\"https:\/\/www.progressives-zentrum.org\/en\/impressions-of-just-transition\/\",\"url\":\"https:\/\/www.progressives-zentrum.org\/en\/impressions-of-just-transition\/\",\"name\":\"IMPRESSIONS OF JUST TRANSITION - Das Progressive Zentrum - EN\",\"isPartOf\":{\"@id\":\"https:\/\/www.progressives-zentrum.org\/en\/#website\"},\"primaryImageOfPage\":{\"@id\":\"https:\/\/www.progressives-zentrum.org\/en\/impressions-of-just-transition\/#primaryimage\"},\"image\":{\"@id\":\"https:\/\/www.progressives-zentrum.org\/en\/impressions-of-just-transition\/#primaryimage\"},\"thumbnailUrl\":\"https:\/\/www.progressives-zentrum.org\/en\/wp-content\/uploads\/sites\/2\/2022\/04\/Just-Transition-Workshop.jpg\",\"datePublished\":\"2019-06-11T08:13:00+00:00\",\"dateModified\":\"2022-06-17T07:58:36+00:00\",\"author\":{\"@id\":\"https:\/\/www.progressives-zentrum.org\/en\/#\/schema\/person\/9717a409f2633977ae24290923017495\"},\"breadcrumb\":{\"@id\":\"https:\/\/www.progressives-zentrum.org\/en\/impressions-of-just-transition\/#breadcrumb\"},\"inLanguage\":\"en-US\",\"potentialAction\":[{\"@type\":\"ReadAction\",\"target\":[\"https:\/\/www.progressives-zentrum.org\/en\/impressions-of-just-transition\/\"]}]},{\"@type\":\"ImageObject\",\"inLanguage\":\"en-US\",\"@id\":\"https:\/\/www.progressives-zentrum.org\/en\/impressions-of-just-transition\/#primaryimage\",\"url\":\"https:\/\/www.progressives-zentrum.org\/en\/wp-content\/uploads\/sites\/2\/2022\/04\/Just-Transition-Workshop.jpg\",\"contentUrl\":\"https:\/\/www.progressives-zentrum.org\/en\/wp-content\/uploads\/sites\/2\/2022\/04\/Just-Transition-Workshop.jpg\",\"width\":1400,\"height\":825},{\"@type\":\"BreadcrumbList\",\"@id\":\"https:\/\/www.progressives-zentrum.org\/en\/impressions-of-just-transition\/#breadcrumb\",\"itemListElement\":[{\"@type\":\"ListItem\",\"position\":1,\"name\":\"Startseite\",\"item\":\"https:\/\/www.progressives-zentrum.org\/en\/\"},{\"@type\":\"ListItem\",\"position\":2,\"name\":\"IMPRESSIONS OF JUST TRANSITION\"}]},{\"@type\":\"WebSite\",\"@id\":\"https:\/\/www.progressives-zentrum.org\/en\/#website\",\"url\":\"https:\/\/www.progressives-zentrum.org\/en\/\",\"name\":\"Das Progressive Zentrum - EN\",\"description\":\"Renewing the Promise of Progress.\",\"potentialAction\":[{\"@type\":\"SearchAction\",\"target\":{\"@type\":\"EntryPoint\",\"urlTemplate\":\"https:\/\/www.progressives-zentrum.org\/en\/?s={search_term_string}\"},\"query-input\":{\"@type\":\"PropertyValueSpecification\",\"valueRequired\":true,\"valueName\":\"search_term_string\"}}],\"inLanguage\":\"en-US\"},{\"@type\":\"Person\",\"@id\":\"https:\/\/www.progressives-zentrum.org\/en\/#\/schema\/person\/9717a409f2633977ae24290923017495\",\"name\":\"tnicolaus\",\"image\":{\"@type\":\"ImageObject\",\"inLanguage\":\"en-US\",\"@id\":\"https:\/\/www.progressives-zentrum.org\/en\/#\/schema\/person\/image\/\",\"url\":\"https:\/\/secure.gravatar.com\/avatar\/0b3236244f4696fc8f8aeae916954fa2?s=96&d=mm&r=g\",\"contentUrl\":\"https:\/\/secure.gravatar.com\/avatar\/0b3236244f4696fc8f8aeae916954fa2?s=96&d=mm&r=g\",\"caption\":\"tnicolaus\"},\"url\":\"https:\/\/www.progressives-zentrum.org\/en\/author\/tnicolaus\/\"}]}<\/script>\n<!-- \/ Yoast SEO Premium plugin. -->","yoast_head_json":{"title":"IMPRESSIONS OF JUST TRANSITION - Das Progressive Zentrum - EN","robots":{"index":"index","follow":"follow","max-snippet":"max-snippet:-1","max-image-preview":"max-image-preview:large","max-video-preview":"max-video-preview:-1"},"canonical":"https:\/\/www.progressives-zentrum.org\/en\/impressions-of-just-transition\/","og_locale":"en_US","og_type":"article","og_title":"IMPRESSIONS OF JUST TRANSITION","og_description":"Statements and videos from experts, stakeholders and decision-makers during our workshops","og_url":"https:\/\/www.progressives-zentrum.org\/en\/impressions-of-just-transition\/","og_site_name":"Das Progressive Zentrum - EN","article_published_time":"2019-06-11T08:13:00+00:00","article_modified_time":"2022-06-17T07:58:36+00:00","og_image":[{"width":1400,"height":825,"url":"https:\/\/www.progressives-zentrum.org\/en\/wp-content\/uploads\/sites\/2\/2022\/04\/Just-Transition-Workshop.jpg","type":"image\/jpeg"}],"author":"tnicolaus","twitter_card":"summary_large_image","twitter_misc":{"Written by":"tnicolaus","Est. reading time":"5 minutes"},"schema":{"@context":"https:\/\/schema.org","@graph":[{"@type":"WebPage","@id":"https:\/\/www.progressives-zentrum.org\/en\/impressions-of-just-transition\/","url":"https:\/\/www.progressives-zentrum.org\/en\/impressions-of-just-transition\/","name":"IMPRESSIONS OF JUST TRANSITION - Das Progressive Zentrum - EN","isPartOf":{"@id":"https:\/\/www.progressives-zentrum.org\/en\/#website"},"primaryImageOfPage":{"@id":"https:\/\/www.progressives-zentrum.org\/en\/impressions-of-just-transition\/#primaryimage"},"image":{"@id":"https:\/\/www.progressives-zentrum.org\/en\/impressions-of-just-transition\/#primaryimage"},"thumbnailUrl":"https:\/\/www.progressives-zentrum.org\/en\/wp-content\/uploads\/sites\/2\/2022\/04\/Just-Transition-Workshop.jpg","datePublished":"2019-06-11T08:13:00+00:00","dateModified":"2022-06-17T07:58:36+00:00","author":{"@id":"https:\/\/www.progressives-zentrum.org\/en\/#\/schema\/person\/9717a409f2633977ae24290923017495"},"breadcrumb":{"@id":"https:\/\/www.progressives-zentrum.org\/en\/impressions-of-just-transition\/#breadcrumb"},"inLanguage":"en-US","potentialAction":[{"@type":"ReadAction","target":["https:\/\/www.progressives-zentrum.org\/en\/impressions-of-just-transition\/"]}]},{"@type":"ImageObject","inLanguage":"en-US","@id":"https:\/\/www.progressives-zentrum.org\/en\/impressions-of-just-transition\/#primaryimage","url":"https:\/\/www.progressives-zentrum.org\/en\/wp-content\/uploads\/sites\/2\/2022\/04\/Just-Transition-Workshop.jpg","contentUrl":"https:\/\/www.progressives-zentrum.org\/en\/wp-content\/uploads\/sites\/2\/2022\/04\/Just-Transition-Workshop.jpg","width":1400,"height":825},{"@type":"BreadcrumbList","@id":"https:\/\/www.progressives-zentrum.org\/en\/impressions-of-just-transition\/#breadcrumb","itemListElement":[{"@type":"ListItem","position":1,"name":"Startseite","item":"https:\/\/www.progressives-zentrum.org\/en\/"},{"@type":"ListItem","position":2,"name":"IMPRESSIONS OF JUST TRANSITION"}]},{"@type":"WebSite","@id":"https:\/\/www.progressives-zentrum.org\/en\/#website","url":"https:\/\/www.progressives-zentrum.org\/en\/","name":"Das Progressive Zentrum - EN","description":"Renewing the Promise of Progress.","potentialAction":[{"@type":"SearchAction","target":{"@type":"EntryPoint","urlTemplate":"https:\/\/www.progressives-zentrum.org\/en\/?s={search_term_string}"},"query-input":{"@type":"PropertyValueSpecification","valueRequired":true,"valueName":"search_term_string"}}],"inLanguage":"en-US"},{"@type":"Person","@id":"https:\/\/www.progressives-zentrum.org\/en\/#\/schema\/person\/9717a409f2633977ae24290923017495","name":"tnicolaus","image":{"@type":"ImageObject","inLanguage":"en-US","@id":"https:\/\/www.progressives-zentrum.org\/en\/#\/schema\/person\/image\/","url":"https:\/\/secure.gravatar.com\/avatar\/0b3236244f4696fc8f8aeae916954fa2?s=96&d=mm&r=g","contentUrl":"https:\/\/secure.gravatar.com\/avatar\/0b3236244f4696fc8f8aeae916954fa2?s=96&d=mm&r=g","caption":"tnicolaus"},"url":"https:\/\/www.progressives-zentrum.org\/en\/author\/tnicolaus\/"}]}},"_links":{"self":[{"href":"https:\/\/www.progressives-zentrum.org\/en\/wp-json\/wp\/v2\/posts\/6161","targetHints":{"allow":["GET"]}}],"collection":[{"href":"https:\/\/www.progressives-zentrum.org\/en\/wp-json\/wp\/v2\/posts"}],"about":[{"href":"https:\/\/www.progressives-zentrum.org\/en\/wp-json\/wp\/v2\/types\/post"}],"author":[{"embeddable":true,"href":"https:\/\/www.progressives-zentrum.org\/en\/wp-json\/wp\/v2\/users\/14"}],"replies":[{"embeddable":true,"href":"https:\/\/www.progressives-zentrum.org\/en\/wp-json\/wp\/v2\/comments?post=6161"}],"version-history":[{"count":11,"href":"https:\/\/www.progressives-zentrum.org\/en\/wp-json\/wp\/v2\/posts\/6161\/revisions"}],"predecessor-version":[{"id":11915,"href":"https:\/\/www.progressives-zentrum.org\/en\/wp-json\/wp\/v2\/posts\/6161\/revisions\/11915"}],"wp:featuredmedia":[{"embeddable":true,"href":"https:\/\/www.progressives-zentrum.org\/en\/wp-json\/wp\/v2\/media\/6186"}],"wp:attachment":[{"href":"https:\/\/www.progressives-zentrum.org\/en\/wp-json\/wp\/v2\/media?parent=6161"}],"wp:term":[{"taxonomy":"category","embeddable":true,"href":"https:\/\/www.progressives-zentrum.org\/en\/wp-json\/wp\/v2\/categories?post=6161"},{"taxonomy":"post_tag","embeddable":true,"href":"https:\/\/www.progressives-zentrum.org\/en\/wp-json\/wp\/v2\/tags?post=6161"}],"curies":[{"name":"wp","href":"https:\/\/api.w.org\/{rel}","templated":true}]}}