{"id":5347,"date":"2020-03-21T10:49:00","date_gmt":"2020-03-21T09:49:00","guid":{"rendered":"http:\/\/dpz.medienlabor-hosting.de\/?p=5347"},"modified":"2022-06-22T17:10:32","modified_gmt":"2022-06-22T15:10:32","slug":"live-streaming-new-urban-progress-presentation-in-washington","status":"publish","type":"post","link":"https:\/\/www.progressives-zentrum.org\/en\/live-streaming-new-urban-progress-presentation-in-washington\/","title":{"rendered":"Live streaming: New Urban Progress presentation in Washington"},"content":{"rendered":"\n<p><strong><em>Watch the New Urban Progress United States kickoff of the three-year, comparative study of metro innovation. The launch will feature conversations with prominent urban leaders and mayors (in formation), including Mayor Bill Peduto, Pittsburgh, PA; Mayor Levar Stoney, Richmond, VA; Mayor Lovely Ann Warren, Rochester, NY; Former Mayor Sly James, Kansas City, MO.<\/em><\/strong><\/p>\n\n\n\n<h2 class=\"wp-block-heading\">Agenda of the New Urban Progress US kickoff<\/h2>\n\n\n\n<p><em>Time is&nbsp;EDT. Thus, start at 1:30 pm CET.<\/em><\/p>\n\n\n\n<p class=\"has-main-purple-color has-text-color\"><strong>8:30 am&nbsp;<\/strong>Welcome and introduction:<strong>&nbsp;New Urban Progress: A Transatlantic Dialogue on Metro Innovation and Governance<\/strong><\/p>\n\n\n\n<p><strong>Will Marshall \u2013 PPI, Maria Skora \u2013 DPZ<\/strong><\/p>\n\n\n\n<p class=\"has-main-purple-color has-text-color\"><strong>9:00 am&nbsp;<\/strong>A Conversation with Metro Leaders:<strong>&nbsp;Pittsburgh Mayor Bill Peduto, Richmond Mayor Levar Stoney, Mayor Lovely Warren, Rochester; former Kansas City Mayor Sly James; Evan Dreyer, Dept. Chief of Staff to Denver Mayor Michael Hancock<\/strong><\/p>\n\n\n\n<p><strong>10:00 am&nbsp;<\/strong>Metro analysts roundtable, Going Local:<strong>&nbsp;Enabling Metro Innovation Bruce Katz, The New Localism; Amy Liu, Brookings Institution Metro Center; Evan Absher, Kauffman Foundation.<\/strong><\/p>\n\n\n\n<p class=\"has-main-purple-color has-text-color\"><strong>11:00 am&nbsp;<\/strong>Available Workshops<\/p>\n\n\n\n<p>SESSION: Inclusive innovation and growth:<strong>&nbsp;How metros incubate new jobs and businesses and enlarge the economic winner\u2019s circle.<\/strong><\/p>\n\n\n\n<p class=\"has-main-purple-color has-text-color\">Discussion leaders:<strong>&nbsp;Tracy Loh \u2013 Bass Center for Transformative Placemaking at Brookings Institution, Scott Andes \u2013 Carnegie Mellon Block Center.<\/strong><\/p>\n\n\n\n<p>SESSION: Networked governance:<strong>&nbsp;How metros are pioneering new forms of collaborative problem-solving.<\/strong><\/p>\n\n\n\n<p class=\"has-main-purple-color has-text-color\">Discussion leaders:<strong>&nbsp;Steven Bosacker \u2013 Director, GMF Cities, Joda Thongnopnua, Metro Ideas Project, Chattanooga<\/strong><\/p>\n\n\n\n<p>SESSION: Social mobility:<strong>&nbsp;Raising skills, spreading capital ownership and building affordable housing.<\/strong><\/p>\n\n\n\n<p class=\"has-main-purple-color has-text-color\">Discussion Leaders:<strong>&nbsp;Sonya R. Porter \u2013 Census Bureau, Jenny Schuetz \u2013 Brookings Metropolitan Center.<\/strong><\/p>\n\n\n\n<p><strong>12:30 pm&nbsp;<\/strong>Working lunch: Reports on workshops, wrap-up and next steps, Dane Stangler, PPI<\/p>\n\n\n\n<hr class=\"wp-block-separator has-css-opacity\" \/>\n\n\n\n<p>The aim of&nbsp;<strong>New Urban Progress<\/strong>, is to study and compare notes on creative metro problem-solving in three U.S. cities and three German cities. The March 10 forum will focus on the project\u2019s three main organizing themes:<\/p>\n\n\n\n<ul class=\"wp-block-list\"><li>How cities can promote inclusive innovation and growth (including digital transformation and energy transition)<\/li><li>How cities are pioneering networked governance that taps a broad array of civic actors to get things done<\/li><li>How cities deal with the challenges of social mobility (including education, skill acquisition and affordable housing)<\/li><\/ul>\n\n\n\n<div class=\"wp-block-buttons is-content-justification-center is-layout-flex wp-container-core-buttons-is-layout-1 wp-block-buttons-is-layout-flex\">\n<div class=\"wp-block-button aligncenter\"><a class=\"wp-block-button__link\" href=\"https:\/\/new-urban-progress.org\/\" target=\"_blank\" rel=\"noreferrer noopener\">Visit the new Website<\/a><\/div>\n<\/div>\n\n\n\n<hr class=\"wp-block-separator has-css-opacity is-style-wide\" \/>\n\n\n\n<h2 class=\"wp-block-heading\">About New Urban Progress<\/h2>\n\n\n\n<p>New Urban Progress is the joint metro initiative of&nbsp;Das Progressive Zentrum,&nbsp;<a href=\"https:\/\/alfred-herrhausen-gesellschaft.de\/en\/new-urban-progress.htm\" target=\"_blank\" rel=\"noreferrer noopener\">Alfred Herrhausen Gesellschaft<\/a>&nbsp;and the&nbsp;<a href=\"https:\/\/www.progressivepolicy.org\/\" target=\"_blank\" rel=\"noreferrer noopener\">Progressive Policy Institute<\/a>.<\/p>\n\n\n\n<p>The project is supported by the&nbsp;<strong>Transatlantic Program<\/strong>&nbsp;of the Federal Republic of Germany and funded by the European Recovery Program (ERP) of the Federal Ministry of Economics and Energy (BMWi).<\/p>\n\n\n\n<div class=\"wp-block-buttons is-content-justification-center is-layout-flex wp-container-core-buttons-is-layout-2 wp-block-buttons-is-layout-flex\">\n<div class=\"wp-block-button\"><a class=\"wp-block-button__link\" href=\"https:\/\/www.progressives-zentrum.org\/project\/new-urban-progress\/\" target=\"_blank\" rel=\"noreferrer noopener\">Learn more about the project<\/a><\/div>\n<\/div>\n\n\n\n<hr class=\"wp-block-separator has-css-opacity is-style-wide\" \/>\n\n\n\n<p>Powered by:<\/p>\n\n\n\n<div class=\"wp-block-columns is-layout-flex wp-container-core-columns-is-layout-1 wp-block-columns-is-layout-flex\">\n<div class=\"wp-block-column is-layout-flow wp-block-column-is-layout-flow\"><div class=\"wp-block-image\">\n<figure class=\"aligncenter size-full\"><img decoding=\"async\" src=\"https:\/\/www.progressives-zentrum.org\/wp-content\/uploads\/2022\/05\/DPZ-Logo_RGB_Quadrat-edited.png\" alt=\"\" class=\"wp-image-8902\" \/><\/figure><\/div><\/div>\n\n\n\n<div class=\"wp-block-column is-vertically-aligned-center is-layout-flow wp-block-column-is-layout-flow\"><div class=\"partner-item partner-view-small\"><div class=\"partner-thumbnail\"><a href=\"https:\/\/www.progressives-zentrum.org\/en\/partner\/alfred-herrhausen-gesellschaft\/\"><img loading=\"lazy\" decoding=\"async\" width=\"379\" height=\"200\" src=\"https:\/\/www.progressives-zentrum.org\/en\/wp-content\/uploads\/sites\/2\/2022\/04\/Alfred-Herrhausen-Gesellschaft_Logo-klein-1-500x250-2-379x200.png\" class=\"attachment-dpz-logo size-dpz-logo wp-post-image\" alt=\"\" sizes=\"auto, 100vw\" \/><\/a><\/div><\/div><!-- .partner-item -->\n<\/div>\n\n\n\n<div class=\"wp-block-column is-vertically-aligned-center is-layout-flow wp-block-column-is-layout-flow\"><div class=\"partner-item partner-view-small\"><div class=\"partner-thumbnail\"><a href=\"https:\/\/www.progressives-zentrum.org\/en\/partner\/progressive-policy-institute\/\"><img loading=\"lazy\" decoding=\"async\" width=\"572\" height=\"200\" src=\"https:\/\/www.progressives-zentrum.org\/en\/wp-content\/uploads\/sites\/2\/2022\/05\/PPI_Logo-572x200.png\" class=\"attachment-dpz-logo size-dpz-logo wp-post-image\" alt=\"\" sizes=\"auto, 100vw\" \/><\/a><\/div><\/div><!-- .partner-item -->\n<\/div>\n<\/div>\n\n\n\n<h2 class=\"wp-block-heading\">Autor:innen<\/h2>\n\n\n<div class=\"person-item person-view-author\"><div class=\"person-info-wrapper\"><div class=\"person-thumbnail\"><a href=\"https:\/\/www.progressives-zentrum.org\/en\/person\/diego-rivas\/\"><img loading=\"lazy\" decoding=\"async\" width=\"600\" height=\"600\" src=\"https:\/\/www.progressives-zentrum.org\/en\/wp-content\/uploads\/sites\/2\/2021\/11\/Diego-Rivas-600x600.png\" class=\"attachment-thumbnail size-thumbnail wp-post-image\" alt=\"\" sizes=\"auto, 100vw\" \/><\/a><\/div><h4 class=\"person-title\"><a href=\"https:\/\/www.progressives-zentrum.org\/en\/person\/diego-rivas\/\">Diego Rivas<\/a><\/h4><div class=\"person-position\">Alumnus<\/div><div class=\"person-social\"><a class=\"person-email\" href=\"mailto:diego.rivas@progressives-zentrum.org\"><svg class=\"icon icon-envelope-o\" aria-hidden=\"true\" role=\"img\"> <use xlink:href=\"https:\/\/www.progressives-zentrum.org\/en\/wp-content\/themes\/dpz\/assets\/images\/svg-icons2.svg#icon-envelope-o\"><\/use> <\/svg><\/a> <a class=\"person-twitter\" href=\"https:\/\/mobile.twitter.com\/diegoinberlin\" target=\"_blank\" rel=\"noopener nofollow\"><svg class=\"icon icon-twitter\" aria-hidden=\"true\" role=\"img\"> <use xlink:href=\"https:\/\/www.progressives-zentrum.org\/en\/wp-content\/themes\/dpz\/assets\/images\/svg-icons2.svg#icon-twitter\"><\/use> <\/svg><\/a> <a class=\"person-linkedin\" href=\"https:\/\/de.linkedin.com\/in\/diego-rivas-b906092b\" target=\"_blank\" rel=\"noopener nofollow\"><svg class=\"icon icon-linkedin\" aria-hidden=\"true\" role=\"img\"> <use xlink:href=\"https:\/\/www.progressives-zentrum.org\/en\/wp-content\/themes\/dpz\/assets\/images\/svg-icons2.svg#icon-linkedin\"><\/use> <\/svg><\/a> <\/div><!-- .person-social --><\/div><!-- .person-info-wrapper --><div class=\"person-excerpt\">At Das Progressive Zentrum, Diego was a Project Manager and primarily coordinated the annual Progressive Governance Summit and the New Urban Progress transatlantic dialogue. Diego is also currently the Get-Out-the-Vote Coordinator for Europe, Middle East, and Africa for Democrats Abroad. Before that role he was Chair of Democrats Abroad Berlin and also a Bernie Sanders Delegate to the 2020 Democratic National Convention.<\/div><\/div><!-- .person-item --><div class=\"person-item person-view-author\"><div class=\"person-info-wrapper\"><div class=\"person-thumbnail\"><a href=\"https:\/\/www.progressives-zentrum.org\/en\/person\/dr-maria-skora\/\"><img loading=\"lazy\" decoding=\"async\" width=\"600\" height=\"600\" src=\"https:\/\/www.progressives-zentrum.org\/en\/wp-content\/uploads\/sites\/2\/2022\/04\/Maria-Skora_gross_Das-Progressive-Zentrum_Capital-Headshots-Berlin-1-1024x681-1-600x600.jpg\" class=\"attachment-thumbnail size-thumbnail wp-post-image\" alt=\"\" sizes=\"auto, 100vw\" \/><\/a><\/div><h4 class=\"person-title\"><a href=\"https:\/\/www.progressives-zentrum.org\/en\/person\/dr-maria-skora\/\">Dr. Maria Sk\u00f3ra<\/a><\/h4><div class=\"person-position\">Policy Fellow<\/div><div class=\"person-social\"><a class=\"person-twitter\" href=\"https:\/\/twitter.com\/mariaskora\" target=\"_blank\" rel=\"noopener nofollow\"><svg class=\"icon icon-twitter\" aria-hidden=\"true\" role=\"img\"> <use xlink:href=\"https:\/\/www.progressives-zentrum.org\/en\/wp-content\/themes\/dpz\/assets\/images\/svg-icons2.svg#icon-twitter\"><\/use> <\/svg><\/a> <\/div><!-- .person-social --><\/div><!-- .person-info-wrapper --><div class=\"person-excerpt\">Maria Sk\u00f3ra is a policy fellow at Das Progressive Zentrum. Previously, she was Research Associate at the Institut f\u00fcr Europ\u00e4ische Politik and head of the International Dialogue program at Das Progressive Zentrum.<\/div><\/div><!-- .person-item -->\n","protected":false},"excerpt":{"rendered":"<p>How can cities promote inclusive innovation and growth?<\/p>\n","protected":false},"author":2,"featured_media":5352,"comment_status":"closed","ping_status":"closed","sticky":false,"template":"","format":"standard","meta":{"_acf_changed":false,"footnotes":""},"categories":[113],"tags":[194,243,191,406,338,321],"class_list":["post-5347","post","type-post","status-publish","format-standard","has-post-thumbnail","hentry","category-veranstaltungsbericht","tag-allianzen-des-fortschritts","tag-nup","tag-progressive-politik-und-strategie","tag-stadtentwicklung-2","tag-transatlantische-beziehungen","tag-usa"],"acf":[],"yoast_head":"<!-- This site is optimized with the Yoast SEO Premium plugin v24.3 (Yoast SEO v24.3) - https:\/\/yoast.com\/wordpress\/plugins\/seo\/ -->\n<title>Live streaming: New Urban Progress presentation in Washington - Das Progressive Zentrum - EN<\/title>\n<meta name=\"robots\" content=\"index, follow, max-snippet:-1, max-image-preview:large, max-video-preview:-1\" \/>\n<link rel=\"canonical\" href=\"https:\/\/www.progressives-zentrum.org\/en\/live-streaming-new-urban-progress-presentation-in-washington\/\" \/>\n<meta property=\"og:locale\" content=\"en_US\" \/>\n<meta property=\"og:type\" content=\"article\" \/>\n<meta property=\"og:title\" content=\"Live streaming: New Urban Progress presentation in Washington\" \/>\n<meta property=\"og:description\" content=\"How can cities promote inclusive innovation and growth?\" \/>\n<meta property=\"og:url\" content=\"https:\/\/www.progressives-zentrum.org\/en\/live-streaming-new-urban-progress-presentation-in-washington\/\" \/>\n<meta property=\"og:site_name\" content=\"Das Progressive Zentrum - EN\" \/>\n<meta property=\"article:published_time\" content=\"2020-03-21T09:49:00+00:00\" \/>\n<meta property=\"article:modified_time\" content=\"2022-06-22T15:10:32+00:00\" \/>\n<meta property=\"og:image\" content=\"https:\/\/www.progressives-zentrum.org\/en\/wp-content\/uploads\/sites\/2\/2022\/04\/2020-01-31_NUP_Event-DC-1024x585-1.png\" \/>\n\t<meta property=\"og:image:width\" content=\"1024\" \/>\n\t<meta property=\"og:image:height\" content=\"585\" \/>\n\t<meta property=\"og:image:type\" content=\"image\/png\" \/>\n<meta name=\"author\" content=\"redaktion\" \/>\n<meta name=\"twitter:card\" content=\"summary_large_image\" \/>\n<meta name=\"twitter:label1\" content=\"Written by\" \/>\n\t<meta name=\"twitter:data1\" content=\"redaktion\" \/>\n\t<meta name=\"twitter:label2\" content=\"Est. reading time\" \/>\n\t<meta name=\"twitter:data2\" content=\"3 minutes\" \/>\n<script type=\"application\/ld+json\" class=\"yoast-schema-graph\">{\"@context\":\"https:\/\/schema.org\",\"@graph\":[{\"@type\":\"WebPage\",\"@id\":\"https:\/\/www.progressives-zentrum.org\/en\/live-streaming-new-urban-progress-presentation-in-washington\/\",\"url\":\"https:\/\/www.progressives-zentrum.org\/en\/live-streaming-new-urban-progress-presentation-in-washington\/\",\"name\":\"Live streaming: New Urban Progress presentation in Washington - Das Progressive Zentrum - EN\",\"isPartOf\":{\"@id\":\"https:\/\/www.progressives-zentrum.org\/en\/#website\"},\"primaryImageOfPage\":{\"@id\":\"https:\/\/www.progressives-zentrum.org\/en\/live-streaming-new-urban-progress-presentation-in-washington\/#primaryimage\"},\"image\":{\"@id\":\"https:\/\/www.progressives-zentrum.org\/en\/live-streaming-new-urban-progress-presentation-in-washington\/#primaryimage\"},\"thumbnailUrl\":\"https:\/\/www.progressives-zentrum.org\/en\/wp-content\/uploads\/sites\/2\/2022\/04\/2020-01-31_NUP_Event-DC-1024x585-1.png\",\"datePublished\":\"2020-03-21T09:49:00+00:00\",\"dateModified\":\"2022-06-22T15:10:32+00:00\",\"author\":{\"@id\":\"https:\/\/www.progressives-zentrum.org\/en\/#\/schema\/person\/9e27b95a46bd377aa62f18d990472a06\"},\"breadcrumb\":{\"@id\":\"https:\/\/www.progressives-zentrum.org\/en\/live-streaming-new-urban-progress-presentation-in-washington\/#breadcrumb\"},\"inLanguage\":\"en-US\",\"potentialAction\":[{\"@type\":\"ReadAction\",\"target\":[\"https:\/\/www.progressives-zentrum.org\/en\/live-streaming-new-urban-progress-presentation-in-washington\/\"]}]},{\"@type\":\"ImageObject\",\"inLanguage\":\"en-US\",\"@id\":\"https:\/\/www.progressives-zentrum.org\/en\/live-streaming-new-urban-progress-presentation-in-washington\/#primaryimage\",\"url\":\"https:\/\/www.progressives-zentrum.org\/en\/wp-content\/uploads\/sites\/2\/2022\/04\/2020-01-31_NUP_Event-DC-1024x585-1.png\",\"contentUrl\":\"https:\/\/www.progressives-zentrum.org\/en\/wp-content\/uploads\/sites\/2\/2022\/04\/2020-01-31_NUP_Event-DC-1024x585-1.png\",\"width\":1024,\"height\":585},{\"@type\":\"BreadcrumbList\",\"@id\":\"https:\/\/www.progressives-zentrum.org\/en\/live-streaming-new-urban-progress-presentation-in-washington\/#breadcrumb\",\"itemListElement\":[{\"@type\":\"ListItem\",\"position\":1,\"name\":\"Startseite\",\"item\":\"https:\/\/www.progressives-zentrum.org\/en\/\"},{\"@type\":\"ListItem\",\"position\":2,\"name\":\"Live streaming: New Urban Progress presentation in Washington\"}]},{\"@type\":\"WebSite\",\"@id\":\"https:\/\/www.progressives-zentrum.org\/en\/#website\",\"url\":\"https:\/\/www.progressives-zentrum.org\/en\/\",\"name\":\"Das Progressive Zentrum - EN\",\"description\":\"Renewing the Promise of Progress.\",\"potentialAction\":[{\"@type\":\"SearchAction\",\"target\":{\"@type\":\"EntryPoint\",\"urlTemplate\":\"https:\/\/www.progressives-zentrum.org\/en\/?s={search_term_string}\"},\"query-input\":{\"@type\":\"PropertyValueSpecification\",\"valueRequired\":true,\"valueName\":\"search_term_string\"}}],\"inLanguage\":\"en-US\"},{\"@type\":\"Person\",\"@id\":\"https:\/\/www.progressives-zentrum.org\/en\/#\/schema\/person\/9e27b95a46bd377aa62f18d990472a06\",\"name\":\"redaktion\",\"image\":{\"@type\":\"ImageObject\",\"inLanguage\":\"en-US\",\"@id\":\"https:\/\/www.progressives-zentrum.org\/en\/#\/schema\/person\/image\/\",\"url\":\"https:\/\/secure.gravatar.com\/avatar\/f660c32e487e30081297076c298d7a48?s=96&d=mm&r=g\",\"contentUrl\":\"https:\/\/secure.gravatar.com\/avatar\/f660c32e487e30081297076c298d7a48?s=96&d=mm&r=g\",\"caption\":\"redaktion\"},\"url\":\"https:\/\/www.progressives-zentrum.org\/en\/author\/redaktion\/\"}]}<\/script>\n<!-- \/ Yoast SEO Premium plugin. -->","yoast_head_json":{"title":"Live streaming: New Urban Progress presentation in Washington - Das Progressive Zentrum - EN","robots":{"index":"index","follow":"follow","max-snippet":"max-snippet:-1","max-image-preview":"max-image-preview:large","max-video-preview":"max-video-preview:-1"},"canonical":"https:\/\/www.progressives-zentrum.org\/en\/live-streaming-new-urban-progress-presentation-in-washington\/","og_locale":"en_US","og_type":"article","og_title":"Live streaming: New Urban Progress presentation in Washington","og_description":"How can cities promote inclusive innovation and growth?","og_url":"https:\/\/www.progressives-zentrum.org\/en\/live-streaming-new-urban-progress-presentation-in-washington\/","og_site_name":"Das Progressive Zentrum - EN","article_published_time":"2020-03-21T09:49:00+00:00","article_modified_time":"2022-06-22T15:10:32+00:00","og_image":[{"width":1024,"height":585,"url":"https:\/\/www.progressives-zentrum.org\/en\/wp-content\/uploads\/sites\/2\/2022\/04\/2020-01-31_NUP_Event-DC-1024x585-1.png","type":"image\/png"}],"author":"redaktion","twitter_card":"summary_large_image","twitter_misc":{"Written by":"redaktion","Est. reading time":"3 minutes"},"schema":{"@context":"https:\/\/schema.org","@graph":[{"@type":"WebPage","@id":"https:\/\/www.progressives-zentrum.org\/en\/live-streaming-new-urban-progress-presentation-in-washington\/","url":"https:\/\/www.progressives-zentrum.org\/en\/live-streaming-new-urban-progress-presentation-in-washington\/","name":"Live streaming: New Urban Progress presentation in Washington - Das Progressive Zentrum - EN","isPartOf":{"@id":"https:\/\/www.progressives-zentrum.org\/en\/#website"},"primaryImageOfPage":{"@id":"https:\/\/www.progressives-zentrum.org\/en\/live-streaming-new-urban-progress-presentation-in-washington\/#primaryimage"},"image":{"@id":"https:\/\/www.progressives-zentrum.org\/en\/live-streaming-new-urban-progress-presentation-in-washington\/#primaryimage"},"thumbnailUrl":"https:\/\/www.progressives-zentrum.org\/en\/wp-content\/uploads\/sites\/2\/2022\/04\/2020-01-31_NUP_Event-DC-1024x585-1.png","datePublished":"2020-03-21T09:49:00+00:00","dateModified":"2022-06-22T15:10:32+00:00","author":{"@id":"https:\/\/www.progressives-zentrum.org\/en\/#\/schema\/person\/9e27b95a46bd377aa62f18d990472a06"},"breadcrumb":{"@id":"https:\/\/www.progressives-zentrum.org\/en\/live-streaming-new-urban-progress-presentation-in-washington\/#breadcrumb"},"inLanguage":"en-US","potentialAction":[{"@type":"ReadAction","target":["https:\/\/www.progressives-zentrum.org\/en\/live-streaming-new-urban-progress-presentation-in-washington\/"]}]},{"@type":"ImageObject","inLanguage":"en-US","@id":"https:\/\/www.progressives-zentrum.org\/en\/live-streaming-new-urban-progress-presentation-in-washington\/#primaryimage","url":"https:\/\/www.progressives-zentrum.org\/en\/wp-content\/uploads\/sites\/2\/2022\/04\/2020-01-31_NUP_Event-DC-1024x585-1.png","contentUrl":"https:\/\/www.progressives-zentrum.org\/en\/wp-content\/uploads\/sites\/2\/2022\/04\/2020-01-31_NUP_Event-DC-1024x585-1.png","width":1024,"height":585},{"@type":"BreadcrumbList","@id":"https:\/\/www.progressives-zentrum.org\/en\/live-streaming-new-urban-progress-presentation-in-washington\/#breadcrumb","itemListElement":[{"@type":"ListItem","position":1,"name":"Startseite","item":"https:\/\/www.progressives-zentrum.org\/en\/"},{"@type":"ListItem","position":2,"name":"Live streaming: New Urban Progress presentation in Washington"}]},{"@type":"WebSite","@id":"https:\/\/www.progressives-zentrum.org\/en\/#website","url":"https:\/\/www.progressives-zentrum.org\/en\/","name":"Das Progressive Zentrum - EN","description":"Renewing the Promise of Progress.","potentialAction":[{"@type":"SearchAction","target":{"@type":"EntryPoint","urlTemplate":"https:\/\/www.progressives-zentrum.org\/en\/?s={search_term_string}"},"query-input":{"@type":"PropertyValueSpecification","valueRequired":true,"valueName":"search_term_string"}}],"inLanguage":"en-US"},{"@type":"Person","@id":"https:\/\/www.progressives-zentrum.org\/en\/#\/schema\/person\/9e27b95a46bd377aa62f18d990472a06","name":"redaktion","image":{"@type":"ImageObject","inLanguage":"en-US","@id":"https:\/\/www.progressives-zentrum.org\/en\/#\/schema\/person\/image\/","url":"https:\/\/secure.gravatar.com\/avatar\/f660c32e487e30081297076c298d7a48?s=96&d=mm&r=g","contentUrl":"https:\/\/secure.gravatar.com\/avatar\/f660c32e487e30081297076c298d7a48?s=96&d=mm&r=g","caption":"redaktion"},"url":"https:\/\/www.progressives-zentrum.org\/en\/author\/redaktion\/"}]}},"_links":{"self":[{"href":"https:\/\/www.progressives-zentrum.org\/en\/wp-json\/wp\/v2\/posts\/5347","targetHints":{"allow":["GET"]}}],"collection":[{"href":"https:\/\/www.progressives-zentrum.org\/en\/wp-json\/wp\/v2\/posts"}],"about":[{"href":"https:\/\/www.progressives-zentrum.org\/en\/wp-json\/wp\/v2\/types\/post"}],"author":[{"embeddable":true,"href":"https:\/\/www.progressives-zentrum.org\/en\/wp-json\/wp\/v2\/users\/2"}],"replies":[{"embeddable":true,"href":"https:\/\/www.progressives-zentrum.org\/en\/wp-json\/wp\/v2\/comments?post=5347"}],"version-history":[{"count":6,"href":"https:\/\/www.progressives-zentrum.org\/en\/wp-json\/wp\/v2\/posts\/5347\/revisions"}],"predecessor-version":[{"id":12367,"href":"https:\/\/www.progressives-zentrum.org\/en\/wp-json\/wp\/v2\/posts\/5347\/revisions\/12367"}],"wp:featuredmedia":[{"embeddable":true,"href":"https:\/\/www.progressives-zentrum.org\/en\/wp-json\/wp\/v2\/media\/5352"}],"wp:attachment":[{"href":"https:\/\/www.progressives-zentrum.org\/en\/wp-json\/wp\/v2\/media?parent=5347"}],"wp:term":[{"taxonomy":"category","embeddable":true,"href":"https:\/\/www.progressives-zentrum.org\/en\/wp-json\/wp\/v2\/categories?post=5347"},{"taxonomy":"post_tag","embeddable":true,"href":"https:\/\/www.progressives-zentrum.org\/en\/wp-json\/wp\/v2\/tags?post=5347"}],"curies":[{"name":"wp","href":"https:\/\/api.w.org\/{rel}","templated":true}]}}