{"id":4307,"date":"2020-05-07T13:50:00","date_gmt":"2020-05-07T11:50:00","guid":{"rendered":"http:\/\/dpz.medienlabor-hosting.de\/?p=4307"},"modified":"2022-06-20T12:26:43","modified_gmt":"2022-06-20T10:26:43","slug":"transatlantisches-projekt-erreicht-naechste-phase","status":"publish","type":"post","link":"https:\/\/www.progressives-zentrum.org\/en\/transatlantisches-projekt-erreicht-naechste-phase\/","title":{"rendered":"Transatlantic project enters new phase"},"content":{"rendered":"\n<p><strong><em>Over the course of three years, the project New Urban Progress is set to promote an exchange of ideas on how to deal with local challenges in Germany and the USA. It focuses on the role of cities in inclusive growth and sustainable innovation.<\/em><\/strong><\/p>\n\n\n\n<p>The joint project&nbsp;New Urban Progress of the&nbsp;<a href=\"https:\/\/alfred-herrhausen-gesellschaft.de\/?language_id=3\" target=\"_blank\" rel=\"noreferrer noopener\"><strong>Alfred-Herrhausen-Gesellschaft<\/strong><\/a>, the&nbsp;<a href=\"https:\/\/www.progressivepolicy.org\/\" target=\"_blank\" rel=\"noreferrer noopener\"><strong>Progressive Policy Institute<\/strong><\/a>&nbsp;and&nbsp;<strong>Das Progressive Zentrum<\/strong>&nbsp;is entering its next phase by launching its project website.&nbsp;There you will find all news from the project and a detailed overview of the mission and the actors involved.<\/p>\n\n\n\n<div class=\"wp-block-buttons is-layout-flex wp-block-buttons-is-layout-flex\">\n<div class=\"wp-block-button aligncenter\"><a class=\"wp-block-button__link\" href=\"https:\/\/new-urban-progress.org\/\" target=\"_blank\" rel=\"noreferrer noopener\">Visit the new website<\/a><\/div>\n<\/div>\n\n\n\n<p>The project is also gaining momentum in terms of content. On May 18th, 20th and 25th, the&nbsp;<strong>Urban Forum<\/strong>&nbsp;will take place. The video conference is the first major event of New Urban Progress in Germany. Participate and bring your expertise and ideas to our virtual workshops! Information about participation is available&nbsp;<a href=\"https:\/\/new-urban-progress.org\/urban-forum-entwickeln-sie-mit-uns-eine-vision-fuer-die-zukunft-deutscher-staedte\/\" target=\"_blank\" rel=\"noreferrer noopener\">on the new website<\/a>&nbsp;(in German).<\/p>\n\n\n\n<hr class=\"wp-block-separator has-css-opacity\" \/>\n\n\n\n<div class=\"wp-block-columns is-layout-flex wp-container-core-columns-is-layout-1 wp-block-columns-is-layout-flex\">\n<div class=\"wp-block-column is-layout-flow wp-block-column-is-layout-flow\">\n<figure class=\"wp-block-image size-full\"><img loading=\"lazy\" decoding=\"async\" width=\"878\" height=\"369\" src=\"https:\/\/www.progressives-zentrum.org\/en\/wp-content\/uploads\/sites\/2\/2021\/04\/das_progressive_zentrum_logo_2021_maroon_pos_150dpi.png\" alt=\"\" class=\"wp-image-9861\" \/><\/figure>\n<\/div>\n\n\n\n<div class=\"wp-block-column is-layout-flow wp-block-column-is-layout-flow\"><div class=\"partner-item partner-view-small\"><div class=\"partner-thumbnail\"><a href=\"https:\/\/www.progressives-zentrum.org\/en\/partner\/alfred-herrhausen-gesellschaft\/\"><img loading=\"lazy\" decoding=\"async\" width=\"379\" height=\"200\" src=\"https:\/\/www.progressives-zentrum.org\/en\/wp-content\/uploads\/sites\/2\/2022\/04\/Alfred-Herrhausen-Gesellschaft_Logo-klein-1-500x250-2-379x200.png\" class=\"attachment-dpz-logo size-dpz-logo wp-post-image\" alt=\"\" sizes=\"auto, 100vw\" \/><\/a><\/div><\/div><!-- .partner-item -->\n<\/div>\n\n\n\n<div class=\"wp-block-column is-layout-flow wp-block-column-is-layout-flow\"><div class=\"partner-item partner-view-small\"><div class=\"partner-thumbnail\"><a href=\"https:\/\/www.progressives-zentrum.org\/en\/partner\/progressive-policy-institute\/\"><img loading=\"lazy\" decoding=\"async\" width=\"572\" height=\"200\" src=\"https:\/\/www.progressives-zentrum.org\/en\/wp-content\/uploads\/sites\/2\/2022\/05\/PPI_Logo-572x200.png\" class=\"attachment-dpz-logo size-dpz-logo wp-post-image\" alt=\"\" sizes=\"auto, 100vw\" \/><\/a><\/div><\/div><!-- .partner-item -->\n<\/div>\n<\/div>\n\n\n\n<h2 class=\"wp-block-heading\">Authors<\/h2>\n\n\n<div class=\"person-item person-view-author\"><div class=\"person-info-wrapper\"><div class=\"person-thumbnail\"><a href=\"https:\/\/www.progressives-zentrum.org\/en\/person\/diego-rivas\/\"><img loading=\"lazy\" decoding=\"async\" width=\"600\" height=\"600\" src=\"https:\/\/www.progressives-zentrum.org\/en\/wp-content\/uploads\/sites\/2\/2021\/11\/Diego-Rivas-600x600.png\" class=\"attachment-thumbnail size-thumbnail wp-post-image\" alt=\"\" sizes=\"auto, 100vw\" \/><\/a><\/div><h4 class=\"person-title\"><a href=\"https:\/\/www.progressives-zentrum.org\/en\/person\/diego-rivas\/\">Diego Rivas<\/a><\/h4><div class=\"person-position\">Alumnus<\/div><div class=\"person-social\"><a class=\"person-email\" href=\"mailto:diego.rivas@progressives-zentrum.org\"><svg class=\"icon icon-envelope-o\" aria-hidden=\"true\" role=\"img\"> <use xlink:href=\"https:\/\/www.progressives-zentrum.org\/en\/wp-content\/themes\/dpz\/assets\/images\/svg-icons2.svg#icon-envelope-o\"><\/use> <\/svg><\/a> <a class=\"person-twitter\" href=\"https:\/\/mobile.twitter.com\/diegoinberlin\" target=\"_blank\" rel=\"noopener nofollow\"><svg class=\"icon icon-twitter\" aria-hidden=\"true\" role=\"img\"> <use xlink:href=\"https:\/\/www.progressives-zentrum.org\/en\/wp-content\/themes\/dpz\/assets\/images\/svg-icons2.svg#icon-twitter\"><\/use> <\/svg><\/a> <a class=\"person-linkedin\" href=\"https:\/\/de.linkedin.com\/in\/diego-rivas-b906092b\" target=\"_blank\" rel=\"noopener nofollow\"><svg class=\"icon icon-linkedin\" aria-hidden=\"true\" role=\"img\"> <use xlink:href=\"https:\/\/www.progressives-zentrum.org\/en\/wp-content\/themes\/dpz\/assets\/images\/svg-icons2.svg#icon-linkedin\"><\/use> <\/svg><\/a> <\/div><!-- .person-social --><\/div><!-- .person-info-wrapper --><div class=\"person-excerpt\">At Das Progressive Zentrum, Diego was a Project Manager and primarily coordinated the annual Progressive Governance Summit and the New Urban Progress transatlantic dialogue. Diego is also currently the Get-Out-the-Vote Coordinator for Europe, Middle East, and Africa for Democrats Abroad. Before that role he was Chair of Democrats Abroad Berlin and also a Bernie Sanders Delegate to the 2020 Democratic National Convention.<\/div><\/div><!-- .person-item --><div class=\"person-item person-view-author\"><div class=\"person-info-wrapper\"><div class=\"person-thumbnail\"><a href=\"https:\/\/www.progressives-zentrum.org\/en\/person\/dr-maria-skora\/\"><img loading=\"lazy\" decoding=\"async\" width=\"600\" height=\"600\" src=\"https:\/\/www.progressives-zentrum.org\/en\/wp-content\/uploads\/sites\/2\/2022\/04\/Maria-Skora_gross_Das-Progressive-Zentrum_Capital-Headshots-Berlin-1-1024x681-1-600x600.jpg\" class=\"attachment-thumbnail size-thumbnail wp-post-image\" alt=\"\" sizes=\"auto, 100vw\" \/><\/a><\/div><h4 class=\"person-title\"><a href=\"https:\/\/www.progressives-zentrum.org\/en\/person\/dr-maria-skora\/\">Dr. Maria Sk\u00f3ra<\/a><\/h4><div class=\"person-position\">Policy Fellow<\/div><div class=\"person-social\"><a class=\"person-twitter\" href=\"https:\/\/twitter.com\/mariaskora\" target=\"_blank\" rel=\"noopener nofollow\"><svg class=\"icon icon-twitter\" aria-hidden=\"true\" role=\"img\"> <use xlink:href=\"https:\/\/www.progressives-zentrum.org\/en\/wp-content\/themes\/dpz\/assets\/images\/svg-icons2.svg#icon-twitter\"><\/use> <\/svg><\/a> <\/div><!-- .person-social --><\/div><!-- .person-info-wrapper --><div class=\"person-excerpt\">Maria Sk\u00f3ra is a policy fellow at Das Progressive Zentrum. Previously, she was Research Associate at the Institut f\u00fcr Europ\u00e4ische Politik and head of the International Dialogue program at Das Progressive Zentrum.<\/div><\/div><!-- .person-item --><div class=\"person-item person-view-author\"><div class=\"person-info-wrapper\"><div class=\"person-thumbnail\"><a href=\"https:\/\/www.progressives-zentrum.org\/en\/person\/moritz-hergl\/\"><img loading=\"lazy\" decoding=\"async\" width=\"600\" height=\"600\" src=\"https:\/\/www.progressives-zentrum.org\/en\/wp-content\/uploads\/sites\/2\/2022\/04\/Moritz-Hergl-600x600.png\" class=\"attachment-thumbnail size-thumbnail wp-post-image\" alt=\"\" sizes=\"auto, 100vw\" \/><\/a><\/div><h4 class=\"person-title\"><a href=\"https:\/\/www.progressives-zentrum.org\/en\/person\/moritz-hergl\/\">Moritz Hergl<\/a><\/h4><div class=\"person-position\">Alumnus<\/div><div class=\"person-social\"><\/div><!-- .person-social --><\/div><!-- .person-info-wrapper --><div class=\"person-excerpt\">Meldungen [news count=\"2\" type=\"person\"]<\/div><\/div><!-- .person-item -->\n\n\n\n<div class=\"wp-block-cover is-light alignfull\" style=\"min-height:50px;aspect-ratio:unset;\"><span aria-hidden=\"true\" class=\"wp-block-cover__background has-light-grey-background-color has-background-dim-100 has-background-dim\"><\/span><div class=\"wp-block-cover__inner-container is-layout-flow wp-block-cover-is-layout-flow\">\n<h3 class=\"wp-block-heading\">Further articles<\/h3>\n\n\n<div class=\"news-items-wrapper news-view-normal news-count-3\">  <div class=\"news-item\"><div class=\"news-thumbnail\"><a href=\"https:\/\/www.progressives-zentrum.org\/en\/progressive-offensive-at-mobilisation-summit-in-barcelona\/\"><img loading=\"lazy\" decoding=\"async\" width=\"768\" height=\"512\" src=\"https:\/\/www.progressives-zentrum.org\/en\/wp-content\/uploads\/sites\/2\/2026\/04\/GPM-BCN-LK2026-18042026-19-von-40-768x512.jpg\" class=\"attachment-dpz-blog-thumbnail size-dpz-blog-thumbnail wp-post-image\" alt=\"A large group photo of numerous participants from the Global Progressive Mobilisation conference, posing in formal attire against the evening skyline of Barcelona. While the individuals in the center look toward the camera, blurred silhouettes in the foreground frame the shot. The background features the dense urban landscape and the prominent Torre de Collserola on the hills under a twilight sky; a red event banner with the organization&#039;s logo is visible at the bottom of the frame.\" sizes=\"auto, 100vw\" \/><\/a><\/div><div class=\"news-info-wrapper\"><h4 class=\"news-title\"><a href=\"https:\/\/www.progressives-zentrum.org\/en\/progressive-offensive-at-mobilisation-summit-in-barcelona\/\">Progressive Offensive at Mobilisation Summit in Barcelona<\/a><\/h4><div class=\"news-date\"><span class=\"screen-reader-text\">Posted on<\/span> <time class=\"entry-date published\" datetime=\"2026-04-28T09:48:40+02:00\">28. April 2026<\/time><time class=\"updated\" datetime=\"2026-04-28T09:48:41+02:00\">28. April 2026<\/time><\/div><div class=\"news-content\">In Barcelona, heads of government and representatives of progressive parties and organisations, as well as civil society, have come together for the Global Progressive Mobilisation (GPM).<\/div><div class=\"news-authors\"><a class=\"news-author-item\" href=\"https:\/\/www.progressives-zentrum.org\/en\/person\/dominic-schwickert\/\">Dominic Schwickert<\/a>, <a class=\"news-author-item\" href=\"https:\/\/www.progressives-zentrum.org\/en\/person\/dr-florian-ranft\/\">Florian Ranft<\/a><\/div><div class=\"news-category\"><a href=\"https:\/\/www.progressives-zentrum.org\/en\/kategorie\/veranstaltungsbericht\/\" rel=\"category tag\">Event Report<\/a>, <a href=\"https:\/\/www.progressives-zentrum.org\/en\/kategorie\/meldung\/\" rel=\"category tag\">News<\/a><\/div><\/div><!-- .class=\"news-info-wrapper --><\/div>  <div class=\"news-item\"><div class=\"news-thumbnail\"><a href=\"https:\/\/www.progressives-zentrum.org\/en\/responsibility-in-an-age-of-new-global-uncertainties\/\"><img loading=\"lazy\" decoding=\"async\" width=\"768\" height=\"512\" src=\"https:\/\/www.progressives-zentrum.org\/en\/wp-content\/uploads\/sites\/2\/2026\/02\/251216_dpz_politisches-symposium_header-1-768x512.jpg\" class=\"attachment-dpz-blog-thumbnail size-dpz-blog-thumbnail wp-post-image\" alt=\"Matthias Miersch (Chair of the SPD Parliamentary Group) and Astrid S\u00e9ville (Professor of Political Science at Leuphana University L\u00fcneburg and member of the Scientific Advisory Board of Das Progressive Zentrum) on stage.\" sizes=\"auto, 100vw\" \/><\/a><\/div><div class=\"news-info-wrapper\"><h4 class=\"news-title\"><a href=\"https:\/\/www.progressives-zentrum.org\/en\/responsibility-in-an-age-of-new-global-uncertainties\/\">Responsibility in an Age of New Global Uncertainties<\/a><\/h4><div class=\"news-date\"><span class=\"screen-reader-text\">Posted on<\/span> <time class=\"entry-date published\" datetime=\"2026-01-05T14:12:33+01:00\">5. January 2026<\/time><time class=\"updated\" datetime=\"2026-02-11T14:13:43+01:00\">11. February 2026<\/time><\/div><div class=\"news-content\">What does it mean to take responsibility today? This was the central question we discussed at the 2025 Political Symposium.<\/div><div class=\"news-authors\"><a class=\"news-author-item\" href=\"https:\/\/www.progressives-zentrum.org\/en\/person\/aaron-remus\/\">Aaron Remus<\/a><\/div><div class=\"news-category\"><a href=\"https:\/\/www.progressives-zentrum.org\/en\/kategorie\/veranstaltungsbericht\/\" rel=\"category tag\">Event Report<\/a><\/div><\/div><!-- .class=\"news-info-wrapper --><\/div>  <div class=\"news-item\"><div class=\"news-thumbnail\"><a href=\"https:\/\/www.progressives-zentrum.org\/en\/insights-from-the-progressive-action-summit-in-london\/\"><img loading=\"lazy\" decoding=\"async\" width=\"768\" height=\"512\" src=\"https:\/\/www.progressives-zentrum.org\/en\/wp-content\/uploads\/sites\/2\/2025\/10\/DSC_9232-768x512.jpg\" class=\"attachment-dpz-blog-thumbnail size-dpz-blog-thumbnail wp-post-image\" alt=\"\" sizes=\"auto, 100vw\" \/><\/a><\/div><div class=\"news-info-wrapper\"><h4 class=\"news-title\"><a href=\"https:\/\/www.progressives-zentrum.org\/en\/insights-from-the-progressive-action-summit-in-london\/\">Majorities in Favour of a New Security Promise: Insights from the Progressive Action Summit in London<\/a><\/h4><div class=\"news-date\"><span class=\"screen-reader-text\">Posted on<\/span> <time class=\"entry-date published\" datetime=\"2025-10-15T15:36:47+02:00\">15. October 2025<\/time><time class=\"updated\" datetime=\"2025-10-23T09:07:18+02:00\">23. October 2025<\/time><\/div><div class=\"news-content\">Progressive government leaders and NGOs met in London for a strategy debate. Report on differences in discourse and what can be learned from them.<\/div><div class=\"news-authors\"><a class=\"news-author-item\" href=\"https:\/\/www.progressives-zentrum.org\/en\/person\/dominic-schwickert\/\">Dominic Schwickert<\/a>, <a class=\"news-author-item\" href=\"https:\/\/www.progressives-zentrum.org\/en\/person\/dr-florian-ranft\/\">Florian Ranft<\/a><\/div><div class=\"news-category\"><a href=\"https:\/\/www.progressives-zentrum.org\/en\/kategorie\/veranstaltungsbericht\/\" rel=\"category tag\">Event Report<\/a>, <a href=\"https:\/\/www.progressives-zentrum.org\/en\/kategorie\/meldung\/\" rel=\"category tag\">News<\/a><\/div><\/div><!-- .class=\"news-info-wrapper --><\/div> <\/div><!-- .news-wrapper -->\n\n\n\n<div class=\"wp-block-buttons is-content-justification-center is-layout-flex wp-container-core-buttons-is-layout-2 wp-block-buttons-is-layout-flex\">\n<div class=\"wp-block-button\"><a class=\"wp-block-button__link\" href=\"https:\/\/www.progressives-zentrum.org\/en\/blogs\/\" target=\"_blank\" rel=\"noreferrer noopener\">To the blog<\/a><\/div>\n<\/div>\n<\/div><\/div>\n","protected":false},"excerpt":{"rendered":"<p>New Urban Progress launches new website and invites to an online conference<\/p>\n","protected":false},"author":13,"featured_media":4308,"comment_status":"closed","ping_status":"closed","sticky":false,"template":"","format":"standard","meta":{"_acf_changed":false,"footnotes":""},"categories":[218],"tags":[194,294,243,191,360,321],"class_list":["post-4307","post","type-post","status-publish","format-standard","has-post-thumbnail","hentry","category-projektbericht","tag-allianzen-des-fortschritts","tag-deutschland","tag-nup","tag-progressive-politik-und-strategie","tag-stadtentwicklung","tag-usa"],"acf":[],"yoast_head":"<!-- This site is optimized with the Yoast SEO Premium plugin v24.3 (Yoast SEO v24.3) - https:\/\/yoast.com\/wordpress\/plugins\/seo\/ -->\n<title>Transatlantic project enters new phase - Das Progressive Zentrum - EN<\/title>\n<meta name=\"robots\" content=\"index, follow, max-snippet:-1, max-image-preview:large, max-video-preview:-1\" \/>\n<link rel=\"canonical\" href=\"https:\/\/www.progressives-zentrum.org\/en\/transatlantisches-projekt-erreicht-naechste-phase\/\" \/>\n<meta property=\"og:locale\" content=\"en_US\" \/>\n<meta property=\"og:type\" content=\"article\" \/>\n<meta property=\"og:title\" content=\"Transatlantic project enters new phase\" \/>\n<meta property=\"og:description\" content=\"New Urban Progress launches new website and invites to an online conference\" \/>\n<meta property=\"og:url\" content=\"https:\/\/www.progressives-zentrum.org\/en\/transatlantisches-projekt-erreicht-naechste-phase\/\" \/>\n<meta property=\"og:site_name\" content=\"Das Progressive Zentrum - EN\" \/>\n<meta property=\"article:published_time\" content=\"2020-05-07T11:50:00+00:00\" \/>\n<meta property=\"article:modified_time\" content=\"2022-06-20T10:26:43+00:00\" \/>\n<meta property=\"og:image\" content=\"https:\/\/www.progressives-zentrum.org\/en\/wp-content\/uploads\/sites\/2\/2022\/04\/Webseite-New-Urban-Progress-1024x495-1.png\" \/>\n\t<meta property=\"og:image:width\" content=\"1024\" \/>\n\t<meta property=\"og:image:height\" content=\"495\" \/>\n\t<meta property=\"og:image:type\" content=\"image\/png\" \/>\n<meta name=\"author\" content=\"mfedzin\" \/>\n<meta name=\"twitter:card\" content=\"summary_large_image\" \/>\n<meta name=\"twitter:label1\" content=\"Written by\" \/>\n\t<meta name=\"twitter:data1\" content=\"mfedzin\" \/>\n\t<meta name=\"twitter:label2\" content=\"Est. reading time\" \/>\n\t<meta name=\"twitter:data2\" content=\"1 minute\" \/>\n<script type=\"application\/ld+json\" class=\"yoast-schema-graph\">{\"@context\":\"https:\/\/schema.org\",\"@graph\":[{\"@type\":\"WebPage\",\"@id\":\"https:\/\/www.progressives-zentrum.org\/en\/transatlantisches-projekt-erreicht-naechste-phase\/\",\"url\":\"https:\/\/www.progressives-zentrum.org\/en\/transatlantisches-projekt-erreicht-naechste-phase\/\",\"name\":\"Transatlantic project enters new phase - Das Progressive Zentrum - EN\",\"isPartOf\":{\"@id\":\"https:\/\/www.progressives-zentrum.org\/en\/#website\"},\"primaryImageOfPage\":{\"@id\":\"https:\/\/www.progressives-zentrum.org\/en\/transatlantisches-projekt-erreicht-naechste-phase\/#primaryimage\"},\"image\":{\"@id\":\"https:\/\/www.progressives-zentrum.org\/en\/transatlantisches-projekt-erreicht-naechste-phase\/#primaryimage\"},\"thumbnailUrl\":\"https:\/\/www.progressives-zentrum.org\/en\/wp-content\/uploads\/sites\/2\/2022\/04\/Webseite-New-Urban-Progress-1024x495-1.png\",\"datePublished\":\"2020-05-07T11:50:00+00:00\",\"dateModified\":\"2022-06-20T10:26:43+00:00\",\"author\":{\"@id\":\"https:\/\/www.progressives-zentrum.org\/en\/#\/schema\/person\/5d8f9eda07ed7153a14e463edc7a1be8\"},\"breadcrumb\":{\"@id\":\"https:\/\/www.progressives-zentrum.org\/en\/transatlantisches-projekt-erreicht-naechste-phase\/#breadcrumb\"},\"inLanguage\":\"en-US\",\"potentialAction\":[{\"@type\":\"ReadAction\",\"target\":[\"https:\/\/www.progressives-zentrum.org\/en\/transatlantisches-projekt-erreicht-naechste-phase\/\"]}]},{\"@type\":\"ImageObject\",\"inLanguage\":\"en-US\",\"@id\":\"https:\/\/www.progressives-zentrum.org\/en\/transatlantisches-projekt-erreicht-naechste-phase\/#primaryimage\",\"url\":\"https:\/\/www.progressives-zentrum.org\/en\/wp-content\/uploads\/sites\/2\/2022\/04\/Webseite-New-Urban-Progress-1024x495-1.png\",\"contentUrl\":\"https:\/\/www.progressives-zentrum.org\/en\/wp-content\/uploads\/sites\/2\/2022\/04\/Webseite-New-Urban-Progress-1024x495-1.png\",\"width\":1024,\"height\":495},{\"@type\":\"BreadcrumbList\",\"@id\":\"https:\/\/www.progressives-zentrum.org\/en\/transatlantisches-projekt-erreicht-naechste-phase\/#breadcrumb\",\"itemListElement\":[{\"@type\":\"ListItem\",\"position\":1,\"name\":\"Startseite\",\"item\":\"https:\/\/www.progressives-zentrum.org\/en\/\"},{\"@type\":\"ListItem\",\"position\":2,\"name\":\"Transatlantic project enters new phase\"}]},{\"@type\":\"WebSite\",\"@id\":\"https:\/\/www.progressives-zentrum.org\/en\/#website\",\"url\":\"https:\/\/www.progressives-zentrum.org\/en\/\",\"name\":\"Das Progressive Zentrum - EN\",\"description\":\"Renewing the Promise of Progress.\",\"potentialAction\":[{\"@type\":\"SearchAction\",\"target\":{\"@type\":\"EntryPoint\",\"urlTemplate\":\"https:\/\/www.progressives-zentrum.org\/en\/?s={search_term_string}\"},\"query-input\":{\"@type\":\"PropertyValueSpecification\",\"valueRequired\":true,\"valueName\":\"search_term_string\"}}],\"inLanguage\":\"en-US\"},{\"@type\":\"Person\",\"@id\":\"https:\/\/www.progressives-zentrum.org\/en\/#\/schema\/person\/5d8f9eda07ed7153a14e463edc7a1be8\",\"name\":\"mfedzin\",\"image\":{\"@type\":\"ImageObject\",\"inLanguage\":\"en-US\",\"@id\":\"https:\/\/www.progressives-zentrum.org\/en\/#\/schema\/person\/image\/\",\"url\":\"https:\/\/secure.gravatar.com\/avatar\/5cb26216bd25fbd4830cc31eaba49ae9?s=96&d=mm&r=g\",\"contentUrl\":\"https:\/\/secure.gravatar.com\/avatar\/5cb26216bd25fbd4830cc31eaba49ae9?s=96&d=mm&r=g\",\"caption\":\"mfedzin\"},\"url\":\"https:\/\/www.progressives-zentrum.org\/en\/author\/mfedzin\/\"}]}<\/script>\n<!-- \/ Yoast SEO Premium plugin. -->","yoast_head_json":{"title":"Transatlantic project enters new phase - Das Progressive Zentrum - EN","robots":{"index":"index","follow":"follow","max-snippet":"max-snippet:-1","max-image-preview":"max-image-preview:large","max-video-preview":"max-video-preview:-1"},"canonical":"https:\/\/www.progressives-zentrum.org\/en\/transatlantisches-projekt-erreicht-naechste-phase\/","og_locale":"en_US","og_type":"article","og_title":"Transatlantic project enters new phase","og_description":"New Urban Progress launches new website and invites to an online conference","og_url":"https:\/\/www.progressives-zentrum.org\/en\/transatlantisches-projekt-erreicht-naechste-phase\/","og_site_name":"Das Progressive Zentrum - EN","article_published_time":"2020-05-07T11:50:00+00:00","article_modified_time":"2022-06-20T10:26:43+00:00","og_image":[{"width":1024,"height":495,"url":"https:\/\/www.progressives-zentrum.org\/en\/wp-content\/uploads\/sites\/2\/2022\/04\/Webseite-New-Urban-Progress-1024x495-1.png","type":"image\/png"}],"author":"mfedzin","twitter_card":"summary_large_image","twitter_misc":{"Written by":"mfedzin","Est. reading time":"1 minute"},"schema":{"@context":"https:\/\/schema.org","@graph":[{"@type":"WebPage","@id":"https:\/\/www.progressives-zentrum.org\/en\/transatlantisches-projekt-erreicht-naechste-phase\/","url":"https:\/\/www.progressives-zentrum.org\/en\/transatlantisches-projekt-erreicht-naechste-phase\/","name":"Transatlantic project enters new phase - Das Progressive Zentrum - EN","isPartOf":{"@id":"https:\/\/www.progressives-zentrum.org\/en\/#website"},"primaryImageOfPage":{"@id":"https:\/\/www.progressives-zentrum.org\/en\/transatlantisches-projekt-erreicht-naechste-phase\/#primaryimage"},"image":{"@id":"https:\/\/www.progressives-zentrum.org\/en\/transatlantisches-projekt-erreicht-naechste-phase\/#primaryimage"},"thumbnailUrl":"https:\/\/www.progressives-zentrum.org\/en\/wp-content\/uploads\/sites\/2\/2022\/04\/Webseite-New-Urban-Progress-1024x495-1.png","datePublished":"2020-05-07T11:50:00+00:00","dateModified":"2022-06-20T10:26:43+00:00","author":{"@id":"https:\/\/www.progressives-zentrum.org\/en\/#\/schema\/person\/5d8f9eda07ed7153a14e463edc7a1be8"},"breadcrumb":{"@id":"https:\/\/www.progressives-zentrum.org\/en\/transatlantisches-projekt-erreicht-naechste-phase\/#breadcrumb"},"inLanguage":"en-US","potentialAction":[{"@type":"ReadAction","target":["https:\/\/www.progressives-zentrum.org\/en\/transatlantisches-projekt-erreicht-naechste-phase\/"]}]},{"@type":"ImageObject","inLanguage":"en-US","@id":"https:\/\/www.progressives-zentrum.org\/en\/transatlantisches-projekt-erreicht-naechste-phase\/#primaryimage","url":"https:\/\/www.progressives-zentrum.org\/en\/wp-content\/uploads\/sites\/2\/2022\/04\/Webseite-New-Urban-Progress-1024x495-1.png","contentUrl":"https:\/\/www.progressives-zentrum.org\/en\/wp-content\/uploads\/sites\/2\/2022\/04\/Webseite-New-Urban-Progress-1024x495-1.png","width":1024,"height":495},{"@type":"BreadcrumbList","@id":"https:\/\/www.progressives-zentrum.org\/en\/transatlantisches-projekt-erreicht-naechste-phase\/#breadcrumb","itemListElement":[{"@type":"ListItem","position":1,"name":"Startseite","item":"https:\/\/www.progressives-zentrum.org\/en\/"},{"@type":"ListItem","position":2,"name":"Transatlantic project enters new phase"}]},{"@type":"WebSite","@id":"https:\/\/www.progressives-zentrum.org\/en\/#website","url":"https:\/\/www.progressives-zentrum.org\/en\/","name":"Das Progressive Zentrum - EN","description":"Renewing the Promise of Progress.","potentialAction":[{"@type":"SearchAction","target":{"@type":"EntryPoint","urlTemplate":"https:\/\/www.progressives-zentrum.org\/en\/?s={search_term_string}"},"query-input":{"@type":"PropertyValueSpecification","valueRequired":true,"valueName":"search_term_string"}}],"inLanguage":"en-US"},{"@type":"Person","@id":"https:\/\/www.progressives-zentrum.org\/en\/#\/schema\/person\/5d8f9eda07ed7153a14e463edc7a1be8","name":"mfedzin","image":{"@type":"ImageObject","inLanguage":"en-US","@id":"https:\/\/www.progressives-zentrum.org\/en\/#\/schema\/person\/image\/","url":"https:\/\/secure.gravatar.com\/avatar\/5cb26216bd25fbd4830cc31eaba49ae9?s=96&d=mm&r=g","contentUrl":"https:\/\/secure.gravatar.com\/avatar\/5cb26216bd25fbd4830cc31eaba49ae9?s=96&d=mm&r=g","caption":"mfedzin"},"url":"https:\/\/www.progressives-zentrum.org\/en\/author\/mfedzin\/"}]}},"_links":{"self":[{"href":"https:\/\/www.progressives-zentrum.org\/en\/wp-json\/wp\/v2\/posts\/4307","targetHints":{"allow":["GET"]}}],"collection":[{"href":"https:\/\/www.progressives-zentrum.org\/en\/wp-json\/wp\/v2\/posts"}],"about":[{"href":"https:\/\/www.progressives-zentrum.org\/en\/wp-json\/wp\/v2\/types\/post"}],"author":[{"embeddable":true,"href":"https:\/\/www.progressives-zentrum.org\/en\/wp-json\/wp\/v2\/users\/13"}],"replies":[{"embeddable":true,"href":"https:\/\/www.progressives-zentrum.org\/en\/wp-json\/wp\/v2\/comments?post=4307"}],"version-history":[{"count":9,"href":"https:\/\/www.progressives-zentrum.org\/en\/wp-json\/wp\/v2\/posts\/4307\/revisions"}],"predecessor-version":[{"id":12144,"href":"https:\/\/www.progressives-zentrum.org\/en\/wp-json\/wp\/v2\/posts\/4307\/revisions\/12144"}],"wp:featuredmedia":[{"embeddable":true,"href":"https:\/\/www.progressives-zentrum.org\/en\/wp-json\/wp\/v2\/media\/4308"}],"wp:attachment":[{"href":"https:\/\/www.progressives-zentrum.org\/en\/wp-json\/wp\/v2\/media?parent=4307"}],"wp:term":[{"taxonomy":"category","embeddable":true,"href":"https:\/\/www.progressives-zentrum.org\/en\/wp-json\/wp\/v2\/categories?post=4307"},{"taxonomy":"post_tag","embeddable":true,"href":"https:\/\/www.progressives-zentrum.org\/en\/wp-json\/wp\/v2\/tags?post=4307"}],"curies":[{"name":"wp","href":"https:\/\/api.w.org\/{rel}","templated":true}]}}