{"id":13655,"date":"2016-04-01T11:22:00","date_gmt":"2016-04-01T09:22:00","guid":{"rendered":"https:\/\/www.progressives-zentrum.org\/en\/?p=13655"},"modified":"2022-09-12T11:23:45","modified_gmt":"2022-09-12T09:23:45","slug":"the-weak-opposition-in-poland","status":"publish","type":"post","link":"https:\/\/www.progressives-zentrum.org\/en\/the-weak-opposition-in-poland\/","title":{"rendered":"The weak opposition in Poland"},"content":{"rendered":"\n<p>In October 2015 the Civic Platform (PO) lost the parliamentary elections in Poland, after having been in power for 8 continuous years. The tables have turned, allowing the national-conservative Law and Justice party (PiS) to form a majority government. Ever since, the PiS \u2013 which has president&nbsp;Andrzej Duda already on their side&nbsp;\u2013 keeps on petrifying its power while promising \u201egood change\u201c. Change in&nbsp;personnel both in central institutions as well as at the regional and local level have so far reached 200 employees, which were replaced with trusted ones. <a href=\"http:\/\/www.bbc.com\/news\/world-europe-35257105\" target=\"_blank\" rel=\"noreferrer noopener\">Changes in personnel in the public media<\/a> drew international attention as did the <a href=\"https:\/\/euobserver.com\/political\/131662\" target=\"_blank\" rel=\"noreferrer noopener\">controversies over The Constitutional Tribunal reform<\/a>. Other proceedings of the new government encompass merging the office of the general attorney with the Ministry of Justice or setting off a crusade against post-coital contraception and possibly also against abortion laws.<\/p>\n\n\n\n<p>The country\u2019s international policy has also been refocused. On the one hand, the new policy is <a href=\"http:\/\/www.theguardian.com\/commentisfree\/2016\/jan\/16\/germany-poland-eu-polish-government-european-stability\" target=\"_blank\" rel=\"noreferrer noopener\">distancing Poland from its western neighbour Germany and<\/a> <a href=\"http:\/\/www.dw.com\/en\/poland-abandons-promise-to-take-in-refugees-after-brussels-attacks\/a-19137258\" target=\"_blank\" rel=\"noreferrer noopener\">turning its back on the EU refugee quotas<\/a> as well as discrediting US politicians as representatives of a democracy <a href=\"http:\/\/www.politico.eu\/article\/nato-poland-obama-kaczynski-russia-putin-venice\/\" target=\"_blank\" rel=\"noreferrer noopener\">too young to comment on the recent developments in Poland<\/a>. On the other hand, there are attempts to strengthen ties within Eastern (Central) Europe by alliances with the <a href=\"http:\/\/www.krakowpost.com\/11017\/2016\/01\/kaczynski-orban-meeting\" target=\"_blank\" rel=\"noreferrer noopener\">Hungarian PM Victor Orban<\/a> or <a href=\"http:\/\/president.gov.by\/en\/news_en\/view\/meeting-with-poland-prime-minister-witold-waszczykowski-13315\/\" target=\"_blank\" rel=\"noreferrer noopener\">friendly visits to Belarus<\/a>.<\/p>\n\n\n\n<p>As for the electoral promises, the child benefit program should start in April, while the reducation of the retirement age has not been implemented yet. Instead, political intrigues are set up, like the mysterious discovery of files <a href=\"http:\/\/www.telegraph.co.uk\/news\/worldnews\/europe\/poland\/12162160\/Nobel-Peace-Prize-winner-accused-of-being-informant-for-Polands-secret-police.html\" target=\"_blank\" rel=\"noreferrer noopener\">accusing Lech Wa\u0142\u0119sa of being an informant under the communist regime<\/a> or <a href=\"http:\/\/www.bbc.com\/news\/world-europe-35498400\" target=\"_blank\" rel=\"noreferrer noopener\">re-opening the investigation of the Smole\u0144sk air crush<\/a>, which the current regime considers not an accident.<\/p>\n\n\n\n<h2 class=\"wp-block-heading\">PiS loses in polls and is still the undeniable leader<\/h2>\n\n\n\n<p>So far, PiS is still an undeniable leader in the polls. However, its popularity has recently sunk from 40% to 30%. Current political issues seem to influence the polls significantly \u2013 The Constitutional Tribunal crisis and international turmoil around Poland have taken their toll, some citizens shifted to support the opposition. Inside the liberal camp, PO competes with Nowoczesna (the Modern Party). The liberals are in turn neck in neck with the right-wing populists of the Kukiz\u201915 movement. As for the left-wing alternative, the old social-democratic party (SLD) \u2013 who completely ruined its strong position within a decade \u2013 remains inactive, some of the recognized faces even left the party to form their own initiative, which is so far of no significance. The new left \u2013 Razem \u2013 has not yet stepped out. All in all, the progressive camp is fighting to survive as does the agrarian party (PSL).<\/p>\n\n\n\n<p>Meanwhile, the <a href=\"http:\/\/www.bbc.com\/news\/world-europe-35083561\" target=\"_blank\" rel=\"noreferrer noopener\">Committee for the Defence of Democracy (KOD) keeps on protesting in the streets<\/a>, following up on their first marches in December 2015. Other public actions launched by the new left-wing grass-root party Razem oppose the policies of the new government, i.e. by holding a week-long demonstration demanding publication of the latest decision of The Constitutional Tribunal. Those two movements, however, never join forces. Razem accuses KOD of party-politics and of being rather anti-PiS than pro-democratic. Razem blaims KOD for accepting PO politicians at their demonstrations \u2013 politicians who, when they were in power, arguably contributed to the massive frustration of many Poles. In response, KOD accuses Razem of defeatism, egoism, and the inability to cooperate.<\/p>\n\n\n\n<p>Thus, the rule of the Law and Justice party seems relatively safe \u2013 both the parliamentary and non-parliamentary opposition are weak and fragmented. There is no political power that could pose even a shadow of threat to the absolute power of PiS: to prime minister Beata Szyd\u0142o, to president Andrzej Duda \u2013 and to Jaros\u0142aw Kaczy\u0144ski, the party leader who pulls all the strings.<\/p>\n\n\n\n<h2 class=\"wp-block-heading\">Author<\/h2>\n\n\n<div class=\"person-item person-view-author\"><div class=\"person-info-wrapper\"><div class=\"person-thumbnail\"><a href=\"https:\/\/www.progressives-zentrum.org\/en\/person\/dr-maria-skora\/\"><img loading=\"lazy\" decoding=\"async\" width=\"600\" height=\"600\" src=\"https:\/\/www.progressives-zentrum.org\/en\/wp-content\/uploads\/sites\/2\/2022\/04\/Maria-Skora_gross_Das-Progressive-Zentrum_Capital-Headshots-Berlin-1-1024x681-1-600x600.jpg\" class=\"attachment-thumbnail size-thumbnail wp-post-image\" alt=\"\" sizes=\"auto, 100vw\" \/><\/a><\/div><h4 class=\"person-title\"><a href=\"https:\/\/www.progressives-zentrum.org\/en\/person\/dr-maria-skora\/\">Dr. Maria Sk\u00f3ra<\/a><\/h4><div class=\"person-position\">Policy Fellow<\/div><div class=\"person-social\"><a class=\"person-twitter\" href=\"https:\/\/twitter.com\/mariaskora\" target=\"_blank\" rel=\"noopener nofollow\"><svg class=\"icon icon-twitter\" aria-hidden=\"true\" role=\"img\"> <use xlink:href=\"https:\/\/www.progressives-zentrum.org\/en\/wp-content\/themes\/dpz\/assets\/images\/svg-icons2.svg#icon-twitter\"><\/use> <\/svg><\/a> <\/div><!-- .person-social --><\/div><!-- .person-info-wrapper --><div class=\"person-excerpt\">Maria Sk\u00f3ra is a policy fellow at Das Progressive Zentrum. Previously, she was Research Associate at the Institut f\u00fcr Europ\u00e4ische Politik and head of the International Dialogue program at Das Progressive Zentrum.<\/div><\/div><!-- .person-item -->\n\n\n\n<div class=\"wp-block-cover is-light alignfull\" style=\"min-height:50px;aspect-ratio:unset;\"><span aria-hidden=\"true\" class=\"wp-block-cover__background has-light-grey-background-color has-background-dim-100 has-background-dim\"><\/span><div class=\"wp-block-cover__inner-container is-layout-flow wp-block-cover-is-layout-flow\">\n<h3 class=\"wp-block-heading\">Further articles<\/h3>\n\n\n<div class=\"news-items-wrapper news-view-normal news-count-3\">  <div class=\"news-item\"><div class=\"news-thumbnail\"><a href=\"https:\/\/www.progressives-zentrum.org\/en\/buried-villages-fragile-democracies-coal-community-and-the-unsteady-politics-of-the-climate-transition\/\"><img loading=\"lazy\" decoding=\"async\" width=\"768\" height=\"512\" src=\"https:\/\/www.progressives-zentrum.org\/en\/wp-content\/uploads\/sites\/2\/2026\/03\/dominik-vanyi-Mk2ls9UBO2E-unsplash-768x512.jpg\" class=\"attachment-dpz-blog-thumbnail size-dpz-blog-thumbnail wp-post-image\" alt=\"A wide-angle, high-perspective photograph of a vast open-pit mining operation. Multiple pieces of heavy industrial machinery are active across tiered dirt terraces, including large yellow haul trucks and hydraulic excavators in yellow and orange. The scene captures the scale of resource extraction, with steep, excavated rock walls in the background and a dusty, industrial atmosphere.\" sizes=\"auto, 100vw\" \/><\/a><\/div><div class=\"news-info-wrapper\"><h4 class=\"news-title\"><a href=\"https:\/\/www.progressives-zentrum.org\/en\/buried-villages-fragile-democracies-coal-community-and-the-unsteady-politics-of-the-climate-transition\/\">Buried Villages, Fragile Democracies: Coal, Community, and the Unsteady Politics of the Climate Transition<\/a><\/h4><div class=\"news-date\"><span class=\"screen-reader-text\">Posted on<\/span> <time class=\"entry-date published\" datetime=\"2026-03-26T12:16:48+01:00\">26. March 2026<\/time><time class=\"updated\" datetime=\"2026-03-26T12:18:08+01:00\">26. March 2026<\/time><\/div><div class=\"news-content\">The transition away from fossil fuels is as much about democratic resilience as it is about energy. Steve Patterson explores the \u201cpolitical whiplash\u201d of shifting national policies and the enduring struggle to protect community heritage from the erosion of both physical landscapes and institutional norms.<\/div><div class=\"news-authors\"><a class=\"news-author-item\" href=\"https:\/\/www.progressives-zentrum.org\/en\/person\/steve-patterson\/\">Steve Patterson<\/a><\/div><div class=\"news-category\"><a href=\"https:\/\/www.progressives-zentrum.org\/en\/kategorie\/debate\/\" rel=\"category tag\">Debate<\/a>, <a href=\"https:\/\/www.progressives-zentrum.org\/en\/kategorie\/projektbericht\/\" rel=\"category tag\">Project Report<\/a><\/div><\/div><!-- .class=\"news-info-wrapper --><\/div>  <div class=\"news-item\"><div class=\"news-thumbnail\"><a href=\"https:\/\/www.progressives-zentrum.org\/en\/how-can-the-new-special-fund-and-the-reform-of-the-debt-brake-achieve-optimal-effectiveness\/\"><img loading=\"lazy\" decoding=\"async\" width=\"768\" height=\"512\" src=\"https:\/\/www.progressives-zentrum.org\/en\/wp-content\/uploads\/sites\/2\/2025\/09\/250917_dpz_titelbild_jakob-von-weizsacker-768x512.jpg\" class=\"attachment-dpz-blog-thumbnail size-dpz-blog-thumbnail wp-post-image\" alt=\"\" sizes=\"auto, 100vw\" \/><\/a><\/div><div class=\"news-info-wrapper\"><h4 class=\"news-title\"><a href=\"https:\/\/www.progressives-zentrum.org\/en\/how-can-the-new-special-fund-and-the-reform-of-the-debt-brake-achieve-optimal-effectiveness\/\">How can the new special fund and the reform of the debt brake achieve optimal effectiveness?<\/a><\/h4><div class=\"news-date\"><span class=\"screen-reader-text\">Posted on<\/span> <time class=\"entry-date published\" datetime=\"2025-04-03T10:21:45+02:00\">3. April 2025<\/time><time class=\"updated\" datetime=\"2025-09-17T10:33:04+02:00\">17. September 2025<\/time><\/div><div class=\"news-content\">The CDU\/CSU and SPD parties have reached an agreement in the exploratory talks at a remarkable speed to create a special fund for infrastructure and to provide a far-reaching opportunity to increase defense spending beyond the limits of the debt brake. How should these proposals be assessed? What needs to be considered for the sustainable success of this modernization agenda? These questions were discussed on March 7, 2025, in a background roundtable with experts.<\/div><div class=\"news-authors\"><a class=\"news-author-item\" href=\"https:\/\/www.progressives-zentrum.org\/en\/person\/sebastian-pieper\/\">Sebastian Pieper<\/a><\/div><div class=\"news-category\"><a href=\"https:\/\/www.progressives-zentrum.org\/en\/kategorie\/veranstaltungsbericht\/\" rel=\"category tag\">Event Report<\/a><\/div><\/div><!-- .class=\"news-info-wrapper --><\/div>  <div class=\"news-item\"><div class=\"news-thumbnail\"><a href=\"https:\/\/www.progressives-zentrum.org\/en\/friedrich-merz-shattered-a-political-taboo-this-is-a-chance-for-the-centre-left\/\"><img loading=\"lazy\" decoding=\"async\" width=\"768\" height=\"512\" src=\"https:\/\/www.progressives-zentrum.org\/en\/wp-content\/uploads\/sites\/2\/2025\/02\/250211_dpz_slider_florian-ranft-for-the-guardian_c-epa-images-768x512.jpg\" class=\"attachment-dpz-blog-thumbnail size-dpz-blog-thumbnail wp-post-image\" alt=\"Slider: Coverpicture for the article of florian ranft in the Guardian\" sizes=\"auto, 100vw\" \/><\/a><\/div><div class=\"news-info-wrapper\"><h4 class=\"news-title\"><a href=\"https:\/\/www.progressives-zentrum.org\/en\/friedrich-merz-shattered-a-political-taboo-this-is-a-chance-for-the-centre-left\/\">Friedrich Merz shattered a political taboo. This is a chance for the centre-left in Germany<\/a><\/h4><div class=\"news-date\"><span class=\"screen-reader-text\">Posted on<\/span> <time class=\"entry-date published\" datetime=\"2025-02-11T15:51:27+01:00\">11. February 2025<\/time><time class=\"updated\" datetime=\"2025-05-09T16:38:17+02:00\">9. May 2025<\/time><\/div><div class=\"news-content\">Progressive parties swiftly need to turn the dial, Florian Ranft states in The Guardian. The attention needs to be moved from simply despising the enemies of democracy to what people really expect.<\/div><div class=\"news-authors\"><a class=\"news-author-item\" href=\"https:\/\/www.progressives-zentrum.org\/en\/person\/dr-florian-ranft\/\">Florian Ranft<\/a><\/div><div class=\"news-category\"><a href=\"https:\/\/www.progressives-zentrum.org\/en\/kategorie\/wir-in-den-medien\/\" rel=\"category tag\">In the Media<\/a><\/div><\/div><!-- .class=\"news-info-wrapper --><\/div> <\/div><!-- .news-wrapper -->\n\n\n\n<div class=\"wp-block-buttons is-content-justification-center is-layout-flex wp-container-core-buttons-is-layout-1 wp-block-buttons-is-layout-flex\">\n<div class=\"wp-block-button\"><a class=\"wp-block-button__link\" href=\"https:\/\/www.progressives-zentrum.org\/en\/blogs\/\" target=\"_blank\" rel=\"noreferrer noopener\">To the blog<\/a><\/div>\n<\/div>\n<\/div><\/div>\n","protected":false},"excerpt":{"rendered":"<p>Five months after PiS took over, the party has still no serious rivals<\/p>\n","protected":false},"author":14,"featured_media":13656,"comment_status":"closed","ping_status":"closed","sticky":false,"template":"","format":"standard","meta":{"_acf_changed":false,"footnotes":""},"categories":[219],"tags":[353,136],"class_list":["post-13655","post","type-post","status-publish","format-standard","has-post-thumbnail","hentry","category-debate","tag-polen","tag-liberale-demokratie"],"acf":[],"yoast_head":"<!-- This site is optimized with the Yoast SEO Premium plugin v24.3 (Yoast SEO v24.3) - https:\/\/yoast.com\/wordpress\/plugins\/seo\/ -->\n<title>The weak opposition in Poland - Das Progressive Zentrum - EN<\/title>\n<meta name=\"robots\" content=\"index, follow, max-snippet:-1, max-image-preview:large, max-video-preview:-1\" \/>\n<link rel=\"canonical\" href=\"https:\/\/www.progressives-zentrum.org\/en\/the-weak-opposition-in-poland\/\" \/>\n<meta property=\"og:locale\" content=\"en_US\" \/>\n<meta property=\"og:type\" content=\"article\" \/>\n<meta property=\"og:title\" content=\"The weak opposition in Poland\" \/>\n<meta property=\"og:description\" content=\"Five months after PiS took over, the party has still no serious rivals\" \/>\n<meta property=\"og:url\" content=\"https:\/\/www.progressives-zentrum.org\/en\/the-weak-opposition-in-poland\/\" \/>\n<meta property=\"og:site_name\" content=\"Das Progressive Zentrum - EN\" \/>\n<meta property=\"article:published_time\" content=\"2016-04-01T09:22:00+00:00\" \/>\n<meta property=\"article:modified_time\" content=\"2022-09-12T09:23:45+00:00\" \/>\n<meta property=\"og:image\" content=\"https:\/\/www.progressives-zentrum.org\/en\/wp-content\/uploads\/sites\/2\/2022\/09\/24485347345_a0b8b00419_o-1024x616-1-e1662974577562.jpg\" \/>\n\t<meta property=\"og:image:width\" content=\"1024\" \/>\n\t<meta property=\"og:image:height\" content=\"478\" \/>\n\t<meta property=\"og:image:type\" content=\"image\/jpeg\" \/>\n<meta name=\"author\" content=\"tnicolaus\" \/>\n<meta name=\"twitter:card\" content=\"summary_large_image\" \/>\n<meta name=\"twitter:label1\" content=\"Written by\" \/>\n\t<meta name=\"twitter:data1\" content=\"tnicolaus\" \/>\n\t<meta name=\"twitter:label2\" content=\"Est. reading time\" \/>\n\t<meta name=\"twitter:data2\" content=\"3 minutes\" \/>\n<script type=\"application\/ld+json\" class=\"yoast-schema-graph\">{\"@context\":\"https:\/\/schema.org\",\"@graph\":[{\"@type\":\"WebPage\",\"@id\":\"https:\/\/www.progressives-zentrum.org\/en\/the-weak-opposition-in-poland\/\",\"url\":\"https:\/\/www.progressives-zentrum.org\/en\/the-weak-opposition-in-poland\/\",\"name\":\"The weak opposition in Poland - Das Progressive Zentrum - EN\",\"isPartOf\":{\"@id\":\"https:\/\/www.progressives-zentrum.org\/en\/#website\"},\"primaryImageOfPage\":{\"@id\":\"https:\/\/www.progressives-zentrum.org\/en\/the-weak-opposition-in-poland\/#primaryimage\"},\"image\":{\"@id\":\"https:\/\/www.progressives-zentrum.org\/en\/the-weak-opposition-in-poland\/#primaryimage\"},\"thumbnailUrl\":\"https:\/\/www.progressives-zentrum.org\/en\/wp-content\/uploads\/sites\/2\/2022\/09\/24485347345_a0b8b00419_o-1024x616-1-e1662974577562.jpg\",\"datePublished\":\"2016-04-01T09:22:00+00:00\",\"dateModified\":\"2022-09-12T09:23:45+00:00\",\"author\":{\"@id\":\"https:\/\/www.progressives-zentrum.org\/en\/#\/schema\/person\/9717a409f2633977ae24290923017495\"},\"breadcrumb\":{\"@id\":\"https:\/\/www.progressives-zentrum.org\/en\/the-weak-opposition-in-poland\/#breadcrumb\"},\"inLanguage\":\"en-US\",\"potentialAction\":[{\"@type\":\"ReadAction\",\"target\":[\"https:\/\/www.progressives-zentrum.org\/en\/the-weak-opposition-in-poland\/\"]}]},{\"@type\":\"ImageObject\",\"inLanguage\":\"en-US\",\"@id\":\"https:\/\/www.progressives-zentrum.org\/en\/the-weak-opposition-in-poland\/#primaryimage\",\"url\":\"https:\/\/www.progressives-zentrum.org\/en\/wp-content\/uploads\/sites\/2\/2022\/09\/24485347345_a0b8b00419_o-1024x616-1-e1662974577562.jpg\",\"contentUrl\":\"https:\/\/www.progressives-zentrum.org\/en\/wp-content\/uploads\/sites\/2\/2022\/09\/24485347345_a0b8b00419_o-1024x616-1-e1662974577562.jpg\",\"width\":1024,\"height\":478},{\"@type\":\"BreadcrumbList\",\"@id\":\"https:\/\/www.progressives-zentrum.org\/en\/the-weak-opposition-in-poland\/#breadcrumb\",\"itemListElement\":[{\"@type\":\"ListItem\",\"position\":1,\"name\":\"Startseite\",\"item\":\"https:\/\/www.progressives-zentrum.org\/en\/\"},{\"@type\":\"ListItem\",\"position\":2,\"name\":\"The weak opposition in Poland\"}]},{\"@type\":\"WebSite\",\"@id\":\"https:\/\/www.progressives-zentrum.org\/en\/#website\",\"url\":\"https:\/\/www.progressives-zentrum.org\/en\/\",\"name\":\"Das Progressive Zentrum - EN\",\"description\":\"Renewing the Promise of Progress.\",\"potentialAction\":[{\"@type\":\"SearchAction\",\"target\":{\"@type\":\"EntryPoint\",\"urlTemplate\":\"https:\/\/www.progressives-zentrum.org\/en\/?s={search_term_string}\"},\"query-input\":{\"@type\":\"PropertyValueSpecification\",\"valueRequired\":true,\"valueName\":\"search_term_string\"}}],\"inLanguage\":\"en-US\"},{\"@type\":\"Person\",\"@id\":\"https:\/\/www.progressives-zentrum.org\/en\/#\/schema\/person\/9717a409f2633977ae24290923017495\",\"name\":\"tnicolaus\",\"image\":{\"@type\":\"ImageObject\",\"inLanguage\":\"en-US\",\"@id\":\"https:\/\/www.progressives-zentrum.org\/en\/#\/schema\/person\/image\/\",\"url\":\"https:\/\/secure.gravatar.com\/avatar\/0b3236244f4696fc8f8aeae916954fa2?s=96&d=mm&r=g\",\"contentUrl\":\"https:\/\/secure.gravatar.com\/avatar\/0b3236244f4696fc8f8aeae916954fa2?s=96&d=mm&r=g\",\"caption\":\"tnicolaus\"},\"url\":\"https:\/\/www.progressives-zentrum.org\/en\/author\/tnicolaus\/\"}]}<\/script>\n<!-- \/ Yoast SEO Premium plugin. -->","yoast_head_json":{"title":"The weak opposition in Poland - Das Progressive Zentrum - EN","robots":{"index":"index","follow":"follow","max-snippet":"max-snippet:-1","max-image-preview":"max-image-preview:large","max-video-preview":"max-video-preview:-1"},"canonical":"https:\/\/www.progressives-zentrum.org\/en\/the-weak-opposition-in-poland\/","og_locale":"en_US","og_type":"article","og_title":"The weak opposition in Poland","og_description":"Five months after PiS took over, the party has still no serious rivals","og_url":"https:\/\/www.progressives-zentrum.org\/en\/the-weak-opposition-in-poland\/","og_site_name":"Das Progressive Zentrum - EN","article_published_time":"2016-04-01T09:22:00+00:00","article_modified_time":"2022-09-12T09:23:45+00:00","og_image":[{"width":1024,"height":478,"url":"https:\/\/www.progressives-zentrum.org\/en\/wp-content\/uploads\/sites\/2\/2022\/09\/24485347345_a0b8b00419_o-1024x616-1-e1662974577562.jpg","type":"image\/jpeg"}],"author":"tnicolaus","twitter_card":"summary_large_image","twitter_misc":{"Written by":"tnicolaus","Est. reading time":"3 minutes"},"schema":{"@context":"https:\/\/schema.org","@graph":[{"@type":"WebPage","@id":"https:\/\/www.progressives-zentrum.org\/en\/the-weak-opposition-in-poland\/","url":"https:\/\/www.progressives-zentrum.org\/en\/the-weak-opposition-in-poland\/","name":"The weak opposition in Poland - Das Progressive Zentrum - EN","isPartOf":{"@id":"https:\/\/www.progressives-zentrum.org\/en\/#website"},"primaryImageOfPage":{"@id":"https:\/\/www.progressives-zentrum.org\/en\/the-weak-opposition-in-poland\/#primaryimage"},"image":{"@id":"https:\/\/www.progressives-zentrum.org\/en\/the-weak-opposition-in-poland\/#primaryimage"},"thumbnailUrl":"https:\/\/www.progressives-zentrum.org\/en\/wp-content\/uploads\/sites\/2\/2022\/09\/24485347345_a0b8b00419_o-1024x616-1-e1662974577562.jpg","datePublished":"2016-04-01T09:22:00+00:00","dateModified":"2022-09-12T09:23:45+00:00","author":{"@id":"https:\/\/www.progressives-zentrum.org\/en\/#\/schema\/person\/9717a409f2633977ae24290923017495"},"breadcrumb":{"@id":"https:\/\/www.progressives-zentrum.org\/en\/the-weak-opposition-in-poland\/#breadcrumb"},"inLanguage":"en-US","potentialAction":[{"@type":"ReadAction","target":["https:\/\/www.progressives-zentrum.org\/en\/the-weak-opposition-in-poland\/"]}]},{"@type":"ImageObject","inLanguage":"en-US","@id":"https:\/\/www.progressives-zentrum.org\/en\/the-weak-opposition-in-poland\/#primaryimage","url":"https:\/\/www.progressives-zentrum.org\/en\/wp-content\/uploads\/sites\/2\/2022\/09\/24485347345_a0b8b00419_o-1024x616-1-e1662974577562.jpg","contentUrl":"https:\/\/www.progressives-zentrum.org\/en\/wp-content\/uploads\/sites\/2\/2022\/09\/24485347345_a0b8b00419_o-1024x616-1-e1662974577562.jpg","width":1024,"height":478},{"@type":"BreadcrumbList","@id":"https:\/\/www.progressives-zentrum.org\/en\/the-weak-opposition-in-poland\/#breadcrumb","itemListElement":[{"@type":"ListItem","position":1,"name":"Startseite","item":"https:\/\/www.progressives-zentrum.org\/en\/"},{"@type":"ListItem","position":2,"name":"The weak opposition in Poland"}]},{"@type":"WebSite","@id":"https:\/\/www.progressives-zentrum.org\/en\/#website","url":"https:\/\/www.progressives-zentrum.org\/en\/","name":"Das Progressive Zentrum - EN","description":"Renewing the Promise of Progress.","potentialAction":[{"@type":"SearchAction","target":{"@type":"EntryPoint","urlTemplate":"https:\/\/www.progressives-zentrum.org\/en\/?s={search_term_string}"},"query-input":{"@type":"PropertyValueSpecification","valueRequired":true,"valueName":"search_term_string"}}],"inLanguage":"en-US"},{"@type":"Person","@id":"https:\/\/www.progressives-zentrum.org\/en\/#\/schema\/person\/9717a409f2633977ae24290923017495","name":"tnicolaus","image":{"@type":"ImageObject","inLanguage":"en-US","@id":"https:\/\/www.progressives-zentrum.org\/en\/#\/schema\/person\/image\/","url":"https:\/\/secure.gravatar.com\/avatar\/0b3236244f4696fc8f8aeae916954fa2?s=96&d=mm&r=g","contentUrl":"https:\/\/secure.gravatar.com\/avatar\/0b3236244f4696fc8f8aeae916954fa2?s=96&d=mm&r=g","caption":"tnicolaus"},"url":"https:\/\/www.progressives-zentrum.org\/en\/author\/tnicolaus\/"}]}},"_links":{"self":[{"href":"https:\/\/www.progressives-zentrum.org\/en\/wp-json\/wp\/v2\/posts\/13655","targetHints":{"allow":["GET"]}}],"collection":[{"href":"https:\/\/www.progressives-zentrum.org\/en\/wp-json\/wp\/v2\/posts"}],"about":[{"href":"https:\/\/www.progressives-zentrum.org\/en\/wp-json\/wp\/v2\/types\/post"}],"author":[{"embeddable":true,"href":"https:\/\/www.progressives-zentrum.org\/en\/wp-json\/wp\/v2\/users\/14"}],"replies":[{"embeddable":true,"href":"https:\/\/www.progressives-zentrum.org\/en\/wp-json\/wp\/v2\/comments?post=13655"}],"version-history":[{"count":2,"href":"https:\/\/www.progressives-zentrum.org\/en\/wp-json\/wp\/v2\/posts\/13655\/revisions"}],"predecessor-version":[{"id":13658,"href":"https:\/\/www.progressives-zentrum.org\/en\/wp-json\/wp\/v2\/posts\/13655\/revisions\/13658"}],"wp:featuredmedia":[{"embeddable":true,"href":"https:\/\/www.progressives-zentrum.org\/en\/wp-json\/wp\/v2\/media\/13656"}],"wp:attachment":[{"href":"https:\/\/www.progressives-zentrum.org\/en\/wp-json\/wp\/v2\/media?parent=13655"}],"wp:term":[{"taxonomy":"category","embeddable":true,"href":"https:\/\/www.progressives-zentrum.org\/en\/wp-json\/wp\/v2\/categories?post=13655"},{"taxonomy":"post_tag","embeddable":true,"href":"https:\/\/www.progressives-zentrum.org\/en\/wp-json\/wp\/v2\/tags?post=13655"}],"curies":[{"name":"wp","href":"https:\/\/api.w.org\/{rel}","templated":true}]}}